{"id":31440,"date":"2026-01-15T18:42:12","date_gmt":"2026-01-15T18:42:12","guid":{"rendered":"https:\/\/eliksirvitalnosti.com\/staerkung-des-immunsystems-im-winter-die-rolle-gruener-saefte\/"},"modified":"2026-01-15T18:42:12","modified_gmt":"2026-01-15T18:42:12","slug":"staerkung-des-immunsystems-im-winter-die-rolle-gruener-saefte","status":"publish","type":"post","link":"https:\/\/eliksirvitalnosti.com\/de\/staerkung-des-immunsystems-im-winter-die-rolle-gruener-saefte\/","title":{"rendered":"St\u00e4rkung des Immunsystems im Winter: Die Rolle gr\u00fcner S\u00e4fte"},"content":{"rendered":"<p><span style=\"font-weight: 400;\">Die Winterzeit stellt eine besondere Herausforderung f\u00fcr unser Immunsystem dar. Kaltes Wetter, Mangel an Sonnenlicht, Aufenthalt in geschlossenen R\u00e4umen und erh\u00f6hter Stress f\u00fchren h\u00e4ufig zu Energieverlust und geschw\u00e4chter Widerstandskraft des Organismus. In dieser Zeit verlassen sich viele auf schnelle L\u00f6sungen, w\u00e4hrend die eigentliche Ursache des Problems \u2013 ein ersch\u00f6pfter Organismus \u2013 vernachl\u00e4ssigt wird.  <\/span><\/p>\n<p><span style=\"font-weight: 400;\">Das Immunsystem wird nicht \u00fcber Nacht gest\u00e4rkt. Es wird durch t\u00e4gliche Gewohnheiten, qualitativ hochwertige Ern\u00e4hrung und regelm\u00e4\u00dfige Unterst\u00fctzung des Organismus auf zellul\u00e4rer Ebene aufgebaut. Genau hier spielen    <\/span><b>gr\u00fcne S\u00e4fte<\/b><span style=\"font-weight: 400;\"> eine bedeutende Rolle.<\/span><\/p>\n<h2><b>Warum steht das Immunsystem im Winter unter gr\u00f6\u00dferem Druck?<\/b><\/h2>\n<p><span style=\"font-weight: 400;\">W\u00e4hrend des Winters finden im Organismus zahlreiche Ver\u00e4nderungen statt, die sich direkt auf die Immunantwort auswirken:<\/span><\/p>\n<ul>\n<li style=\"font-weight: 400;\" aria-level=\"1\"><span style=\"font-weight: 400;\">verminderte Sonneneinstrahlung und niedrigere Vitamin-D-Spiegel<\/span><\/li>\n<li style=\"font-weight: 400;\" aria-level=\"1\"><span style=\"font-weight: 400;\">weniger Bewegung und Aufenthalt an der frischen Luft<\/span><\/li>\n<li style=\"font-weight: 400;\" aria-level=\"1\"><span style=\"font-weight: 400;\">erh\u00f6hte Exposition gegen\u00fcber Viren und Bakterien<\/span><\/li>\n<li style=\"font-weight: 400;\" aria-level=\"1\"><span style=\"font-weight: 400;\">erh\u00f6hte Aufnahme schwerer, industriell verarbeiteter Lebensmittel<\/span><\/li>\n<li style=\"font-weight: 400;\" aria-level=\"1\"><span style=\"font-weight: 400;\">psychophysischer Stress und Ersch\u00f6pfung<\/span><\/li>\n<\/ul>\n<p><span style=\"font-weight: 400;\">All dies zusammen schw\u00e4cht die nat\u00fcrlichen Abwehrmechanismen und erh\u00f6ht den Bedarf an Nahrung, die <\/span><b>reich an N\u00e4hrstoffen, aber leicht verdaulich und absorbierbar ist<\/b><span style=\"font-weight: 400;\">.<\/span><\/p>\n<h2><b>Gr\u00fcne S\u00e4fte als Unterst\u00fctzung des Immunsystems<\/b><\/h2>\n<p><span style=\"font-weight: 400;\">Gr\u00fcne S\u00e4fte stellen eine der effektivsten M\u00f6glichkeiten dar, dem Organismus eine gro\u00dfe Anzahl an N\u00e4hrstoffen in geringem Volumen bereitzustellen. Sie enthalten: <\/span><\/p>\n<ul>\n<li style=\"font-weight: 400;\" aria-level=\"1\"><span style=\"font-weight: 400;\">nat\u00fcrliche Vitamine und Mineralstoffe<\/span><\/li>\n<li style=\"font-weight: 400;\" aria-level=\"1\"><span style=\"font-weight: 400;\">Chlorophyll<\/span><\/li>\n<li style=\"font-weight: 400;\" aria-level=\"1\"><span style=\"font-weight: 400;\">Enzyme und Antioxidantien<\/span><\/li>\n<li style=\"font-weight: 400;\" aria-level=\"1\"><span style=\"font-weight: 400;\">bioaktive Verbindungen, die die Regeneration unterst\u00fctzen<\/span><\/li>\n<\/ul>\n<p><span style=\"font-weight: 400;\">Im Gegensatz zu synthetischen Nahrungserg\u00e4nzungsmitteln wirken gr\u00fcne S\u00e4fte <\/span><b>ganzheitlich<\/b><span style=\"font-weight: 400;\"> \u2013 sie unterst\u00fctzen gleichzeitig Blut, Leber, Darm und Nervensystem, was f\u00fcr ein starkes Immunsystem entscheidend ist.<\/span><\/p>\n<p><span style=\"font-weight: 400;\">Ihre regelm\u00e4\u00dfige Einnahme tr\u00e4gt bei zu:<\/span><\/p>\n<ul>\n<li style=\"font-weight: 400;\" aria-level=\"1\"><span style=\"font-weight: 400;\">besserer Entgiftung des Organismus<\/span><\/li>\n<li style=\"font-weight: 400;\" aria-level=\"1\"><span style=\"font-weight: 400;\">Verringerung entz\u00fcndlicher Prozesse<\/span><\/li>\n<li style=\"font-weight: 400;\" aria-level=\"1\"><span style=\"font-weight: 400;\">St\u00e4rkung der Darmflora<\/span><\/li>\n<li style=\"font-weight: 400;\" aria-level=\"1\"><span style=\"font-weight: 400;\">stabilerem Energieniveau<\/span><\/li>\n<\/ul>\n<h2><b>Darm und Immunit\u00e4t \u2013 eine oft vernachl\u00e4ssigte Verbindung<\/b><\/h2>\n<p><span style=\"font-weight: 400;\">Mehr als 70 % des Immunsystems befinden sich im Verdauungstrakt. Wenn der Darm belastet, entz\u00fcndet oder geschw\u00e4cht ist, wird die Immunantwort ineffizient, unabh\u00e4ngig von der Menge der aufgenommenen Vitamine. <\/span><\/p>\n<p><span style=\"font-weight: 400;\">Gr\u00fcne S\u00e4fte:<\/span><\/p>\n<ul>\n<li style=\"font-weight: 400;\" aria-level=\"1\"><span style=\"font-weight: 400;\">entlasten das Verdauungssystem<\/span><\/li>\n<li style=\"font-weight: 400;\" aria-level=\"1\"><span style=\"font-weight: 400;\">tragen zum alkalischen Gleichgewicht bei<\/span><\/li>\n<li style=\"font-weight: 400;\" aria-level=\"1\"><span style=\"font-weight: 400;\">helfen bei der Regeneration der Darmschleimhaut<\/span><\/li>\n<li style=\"font-weight: 400;\" aria-level=\"1\"><span style=\"font-weight: 400;\">schaffen ein g\u00fcnstiges Milieu f\u00fcr gute Bakterien<\/span><\/li>\n<\/ul>\n<p><span style=\"font-weight: 400;\">Deshalb sind sie besonders im Winter n\u00fctzlich, wenn die Ern\u00e4hrung oft schwerer und eint\u00f6niger ist.<\/span><\/p>\n<h2><b>Pr\u00e4vention als st\u00e4rkste Strategie<\/b><\/h2>\n<p><span style=\"font-weight: 400;\">Immunit\u00e4t ist kein Mechanismus, den man erst dann \u201eeinschalten\u201c sollte, wenn Symptome auftreten. Die wahre St\u00e4rke liegt in der Pr\u00e4vention \u2013 in der Schaffung einer stabilen Basis, die es dem Organismus erm\u00f6glicht, Herausforderungen aus eigener Kraft zu bew\u00e4ltigen. <\/span><\/p>\n<p><span style=\"font-weight: 400;\">Die regelm\u00e4\u00dfige Einnahme gr\u00fcner S\u00e4fte hilft dem Organismus:<\/span><\/p>\n<ul>\n<li style=\"font-weight: 400;\" aria-level=\"1\"><span style=\"font-weight: 400;\">schneller auf \u00e4u\u00dfere Faktoren zu reagieren<\/span><\/li>\n<li style=\"font-weight: 400;\" aria-level=\"1\"><span style=\"font-weight: 400;\">sich leichter zu erholen<\/span><\/li>\n<li style=\"font-weight: 400;\" aria-level=\"1\"><span style=\"font-weight: 400;\">das innere Gleichgewicht aufrechtzuerhalten<\/span><\/li>\n<\/ul>\n<h2><b>Ein besonderer Platz unter den gr\u00fcnen S\u00e4ften<\/b><\/h2>\n<p><span style=\"font-weight: 400;\">Unter den verschiedenen gr\u00fcnen S\u00e4ften gibt es solche, die sich durch ihren N\u00e4hrwert und ihr Wirkungsspektrum auszeichnen. Einer davon ist   <\/span><b>Dinkelsaft<\/b><span style=\"font-weight: 400;\">.<\/span><\/p>\n<p><span style=\"font-weight: 400;\">Dinkel ist ein uraltes Getreide, bekannt f\u00fcr seine Widerstandsf\u00e4higkeit und au\u00dfergew\u00f6hnlich reiche Zusammensetzung. In Form von gr\u00fcnem Saft wird er zu einer starken Unterst\u00fctzung f\u00fcr den Organismus w\u00e4hrend der Winterzeit. <\/span><\/p>\n<h3><b>Warum zeichnet sich Dinkelsaft besonders aus?<\/b><\/h3>\n<ul>\n<li style=\"font-weight: 400;\" aria-level=\"1\"><span style=\"font-weight: 400;\">au\u00dfergew\u00f6hnlich reich an Chlorophyll, das zu besserer Sauerstoffversorgung und Blutqualit\u00e4t beitr\u00e4gt<\/span><\/li>\n<li style=\"font-weight: 400;\" aria-level=\"1\"><span style=\"font-weight: 400;\">enth\u00e4lt nat\u00fcrliche Mineralstoffe wie Eisen, Magnesium, Zink und Kalium<\/span><\/li>\n<li style=\"font-weight: 400;\" aria-level=\"1\"><span style=\"font-weight: 400;\">unterst\u00fctzt das Nervensystem und hilft bei Ersch\u00f6pfung und Stress<\/span><\/li>\n<li style=\"font-weight: 400;\" aria-level=\"1\"><span style=\"font-weight: 400;\">wirkt leicht alkalisierend, was zum Gleichgewicht des Organismus beitr\u00e4gt<\/span><\/li>\n<\/ul>\n<p><span style=\"font-weight: 400;\">Dinkelsaft wirkt nicht aggressiv, sondern <\/span><b>tiefgreifend und schrittweise<\/b><span style=\"font-weight: 400;\">, indem er den Organismus von innen st\u00e4rkt.<\/span><\/p>\n<h3><b>Wie verwendet man Dinkelsaft im Winter?<\/b><\/h3>\n<p><span style=\"font-weight: 400;\">Empfohlen wird:<\/span><\/p>\n<ul>\n<li style=\"font-weight: 400;\" aria-level=\"1\"><span style=\"font-weight: 400;\">t\u00e4gliche Anwendung<\/span><\/li>\n<li style=\"font-weight: 400;\" aria-level=\"1\"><span style=\"font-weight: 400;\">morgens auf n\u00fcchternen Magen<\/span><\/li>\n<li style=\"font-weight: 400;\" aria-level=\"1\"><span style=\"font-weight: 400;\">als Teil der Routine, nicht als gelegentliche L\u00f6sung<\/span><\/li>\n<\/ul>\n<p><span style=\"font-weight: 400;\">Kontinuit\u00e4t ist der Schl\u00fcssel \u2013 das Immunsystem wird durch regelm\u00e4\u00dfige Unterst\u00fctzung aufgebaut, nicht durch gelegentliche Interventionen.<\/span><\/p>\n<p><span style=\"font-weight: 400;\">Die Winterzeit muss nicht Energieverlust und st\u00e4ndigen Kampf gegen Erk\u00e4ltungen bedeuten. Wenn wir dem Organismus qualitativ hochwertige, nat\u00fcrliche Unterst\u00fctzung bieten, erh\u00e4lt das Immunsystem die Voraussetzungen, um optimal zu funktionieren. <\/span><\/p>\n<p><span style=\"font-weight: 400;\">Gr\u00fcne S\u00e4fte spielen in diesem Prozess eine wichtige Rolle, und <\/span><a href=\"https:\/\/eliksirvitalnosti.com\/proizvod\/sok-od-spelte\/\"><b>Dinkelsaft<\/b><\/a><span style=\"font-weight: 400;\"> nimmt einen besonderen Platz als starker, aber sanfter Verb\u00fcndeter der Gesundheit ein \u2013 besonders im Winter, wenn der Organismus zus\u00e4tzliche Stabilit\u00e4t und Kraft ben\u00f6tigt.<\/span><\/p>\n","protected":false},"excerpt":{"rendered":"<p>Die Winterzeit stellt eine besondere Herausforderung f\u00fcr unser Immunsystem dar. Kaltes Wetter, Mangel an Sonnenlicht, Aufenthalt in geschlossenen R\u00e4umen und<\/p>\n","protected":false},"author":809,"featured_media":31441,"comment_status":"open","ping_status":"open","sticky":false,"template":"","format":"standard","meta":{"_acf_changed":false,"footnotes":""},"categories":[691],"tags":[937,696,847,790,697,693,760,824,905,1000,704,861,992,695,746,859,860,711,761],"class_list":["post-31440","post","type-post","status-publish","format-standard","has-post-thumbnail","hentry","category-blog","tag-antioxidantien","tag-chlorophyll","tag-chronische-mudigkeit","tag-chronischer-stress","tag-darmflora","tag-dinkelsaft","tag-eisen","tag-ganzheitlicher-ansatz","tag-gefrorener-dinkelgrassaft","tag-grune-safte","tag-immunitat","tag-immunitatsabfall","tag-immunsystem","tag-starkung-des-immunsystems","tag-verdauung","tag-viren","tag-vitamin-d","tag-vitamine-und-mineralstoffe","tag-zink"],"acf":[],"_links":{"self":[{"href":"https:\/\/eliksirvitalnosti.com\/de\/wp-json\/wp\/v2\/posts\/31440","targetHints":{"allow":["GET"]}}],"collection":[{"href":"https:\/\/eliksirvitalnosti.com\/de\/wp-json\/wp\/v2\/posts"}],"about":[{"href":"https:\/\/eliksirvitalnosti.com\/de\/wp-json\/wp\/v2\/types\/post"}],"author":[{"embeddable":true,"href":"https:\/\/eliksirvitalnosti.com\/de\/wp-json\/wp\/v2\/users\/809"}],"replies":[{"embeddable":true,"href":"https:\/\/eliksirvitalnosti.com\/de\/wp-json\/wp\/v2\/comments?post=31440"}],"version-history":[{"count":0,"href":"https:\/\/eliksirvitalnosti.com\/de\/wp-json\/wp\/v2\/posts\/31440\/revisions"}],"wp:featuredmedia":[{"embeddable":true,"href":"https:\/\/eliksirvitalnosti.com\/de\/wp-json\/wp\/v2\/media\/31441"}],"wp:attachment":[{"href":"https:\/\/eliksirvitalnosti.com\/de\/wp-json\/wp\/v2\/media?parent=31440"}],"wp:term":[{"taxonomy":"category","embeddable":true,"href":"https:\/\/eliksirvitalnosti.com\/de\/wp-json\/wp\/v2\/categories?post=31440"},{"taxonomy":"post_tag","embeddable":true,"href":"https:\/\/eliksirvitalnosti.com\/de\/wp-json\/wp\/v2\/tags?post=31440"}],"curies":[{"name":"wp","href":"https:\/\/api.w.org\/{rel}","templated":true}]}}