{"id":31677,"date":"2026-02-05T14:59:17","date_gmt":"2026-02-05T14:59:17","guid":{"rendered":"https:\/\/eliksirvitalnosti.com\/februar-und-chronische-muedigkeit-es-ist-keine-faulheit-sondern-ein-ungleichgewicht-und-wie-sie-ihre-energie-ohne-ueberforderung-zurueckgewinnen\/"},"modified":"2026-02-05T14:59:17","modified_gmt":"2026-02-05T14:59:17","slug":"februar-und-chronische-muedigkeit-es-ist-keine-faulheit-sondern-ein-ungleichgewicht-und-wie-sie-ihre-energie-ohne-ueberforderung-zurueckgewinnen","status":"publish","type":"post","link":"https:\/\/eliksirvitalnosti.com\/de\/februar-und-chronische-muedigkeit-es-ist-keine-faulheit-sondern-ein-ungleichgewicht-und-wie-sie-ihre-energie-ohne-ueberforderung-zurueckgewinnen\/","title":{"rendered":"Februar und chronische M\u00fcdigkeit: Es ist keine Faulheit, sondern ein Ungleichgewicht \u2013 und wie Sie Ihre Energie ohne \u00dcberforderung zur\u00fcckgewinnen"},"content":{"rendered":"<p><span style=\"font-weight: 400;\">Wenn Sie sich im Februar m\u00fcde, lustlos und energielos f\u00fchlen, ist es wichtig, eines zu wissen: <\/span><b>es liegt nicht an Ihrem Willen<\/b><span style=\"font-weight: 400;\">. Der Februar ist f\u00fcr den Organismus eine besondere Zeit im Jahr, und was Sie empfinden, hat eine sehr reale biologische Erkl\u00e4rung.<\/span><\/p>\n<p><span style=\"font-weight: 400;\">Im Winter verbraucht der K\u00f6rper mehr, als wir wahrnehmen. Mangel an Tageslicht, kaltes Wetter, schwerere Nahrung, weniger Bewegung und oft erh\u00f6hter Stress ersch\u00f6pfen langsam die inneren Reserven. Interessanterweise machen sich die Folgen dieser angesammelten Belastung meist nicht sofort bemerkbar, sondern erst gegen Ende des Winters. Deshalb wird der Februar f\u00fcr viele zu einem Monat, in dem chronische M\u00fcdigkeit, Konzentrationsschw\u00e4che und das Gef\u00fchl, \u201enicht mehr wie fr\u00fcher zu k\u00f6nnen\u201c, auftreten.   <\/span><\/p>\n<h2><b>Warum wird die Ersch\u00f6pfung gerade jetzt am st\u00e4rksten empfunden?<\/b><\/h2>\n<p><span style=\"font-weight: 400;\">In dieser Zeit ger\u00e4t der Organismus oft in einen leichten Ungleichgewichtszustand. Es handelt sich nicht um eine einzelne Sache, sondern um eine Kombination von Faktoren \u2013 von Hormonen und Mikron\u00e4hrstoffen bis hin zur Funktion des Verdauungssystems und der Art und Weise, wie der K\u00f6rper Energie produziert. Deshalb f\u00fchrt der klassische Ratschlag \u201eruhen Sie sich aus\u201c oft nicht zu den gew\u00fcnschten Ergebnissen.  <\/span><\/p>\n<p><span style=\"font-weight: 400;\">Viele bemerken, dass weder l\u00e4ngerer Schlaf noch zus\u00e4tzlicher Kaffee langfristig helfen. Der Grund ist einfach:   <\/span><b>M\u00fcdigkeit ist nicht die Folge von Schlafmangel, sondern eines inneren Ungleichgewichts<\/b><span style=\"font-weight: 400;\">. Der K\u00f6rper hat einfach nicht genug \u201eMaterial\u201c, um stabile Energie zu produzieren.<\/span><\/p>\n<h2><b>Warum \u00dcberforderung den Zustand zus\u00e4tzlich verschlimmert<\/b><\/h2>\n<p><span style=\"font-weight: 400;\">Wenn wir uns ersch\u00f6pft f\u00fchlen, ist die nat\u00fcrliche Reaktion, zu versuchen, uns \u201ezu zwingen\u201c \u2013 mehr Verpflichtungen, mehr Training, strengere Di\u00e4ten, ein h\u00f6heres Tempo. Der Februar ist jedoch kein Monat f\u00fcr aggressive Ver\u00e4nderungen. In dieser Zeit reagiert der K\u00f6rper viel besser auf Entlastung als auf Druck.  <\/span><\/p>\n<p><span style=\"font-weight: 400;\">Die Energie kehrt dann nicht pl\u00f6tzlich zur\u00fcck, sondern allm\u00e4hlich, durch leichtere Ern\u00e4hrung, bessere N\u00e4hrstoffaufnahme und weniger Stress f\u00fcr das Verdauungssystem. Mit anderen Worten:   <\/span><b>Weniger Anstrengung bringt oft mehr Ergebnisse<\/b><span style=\"font-weight: 400;\">.<\/span><\/p>\n<h2><b>Wo passt Dinkelsaft in diese Geschichte?<\/b><\/h2>\n<p><span style=\"font-weight: 400;\">Auf der Suche nach Energie greifen viele zu Stimulanzien. Was der K\u00f6rper im Februar jedoch meist braucht, ist keine Stimulation, sondern Unterst\u00fctzung. <a href=\"https:\/\/eliksirvitalnosti.com\/proizvod\/sok-od-spelte\/\">Dinkelsaft<\/a> wird gerade deshalb in dieser Zeit h\u00e4ufig verwendet. <\/span><\/p>\n<p><span style=\"font-weight: 400;\">Dank seines hohen Gehalts an Chlorophyll, Mineralien und Enzymen wirkt Dinkelgras-Saft nicht abrupt und \u201emit Gewalt\u201c. Er belastet das Verdauungssystem nicht und verursacht keinen kurzfristigen Energieschub, sondern tr\u00e4gt zu einer stabileren Versorgung der Zellen mit Sauerstoff und N\u00e4hrstoffen bei. Viele Anwender beschreiben den Effekt als eine stille R\u00fcckkehr der Kraft \u2013 ohne Nervosit\u00e4t und pl\u00f6tzliche Einbr\u00fcche.  <\/span><\/p>\n<p><span style=\"font-weight: 400;\">Im Februar, wenn der Organismus bereits ersch\u00f6pft ist, macht diese Form der Unterst\u00fctzung oft mehr Sinn als alles, was zus\u00e4tzlich ersch\u00f6pft.<\/span><\/p>\n<h2><b>Wie Sie Energie ohne Ersch\u00f6pfung zur\u00fcckgewinnen<\/b><\/h2>\n<p><span style=\"font-weight: 400;\">Anstatt mehr von sich zu verlangen, versuchen Sie, dem K\u00f6rper das zu geben, was ihm derzeit fehlt. Das bedeutet sanfte, aber konsequente Ver\u00e4nderungen: leichtere und nahrhaftere Ern\u00e4hrung, mehr Tageslicht, weniger Stimulanzien und einen Rhythmus, der Erholung erm\u00f6glicht. <\/span><\/p>\n<p><span style=\"font-weight: 400;\">Das Wichtigste ist, die Perspektive zu \u00e4ndern. Die Energie wird in dieser Zeit nicht \u201egesteigert\u201c, sondern   <\/span><b>erneuert<\/b><span style=\"font-weight: 400;\">. Wenn dem Organismus erm\u00f6glicht wird, sich zu stabilisieren, kehrt die Kraft auf nat\u00fcrliche Weise zur\u00fcck.<\/span><\/p>\n<p><span style=\"font-weight: 400;\">Die M\u00fcdigkeit im Februar ist kein Zeichen von Faulheit oder Motivationsverlust. Es ist ein Signal, dass der K\u00f6rper l\u00e4ngere Zeit mehr gegeben hat, als er bekommen hat. Wenn wir dieses Signal erkennen und ohne \u00dcberforderung reagieren, kommt die Erholung allm\u00e4hlich, aber stabil.  <\/span><\/p>\n<p><span style=\"font-weight: 400;\">Manchmal ist der gr\u00f6\u00dfte Schritt zu einem besseren Gef\u00fchl genau der, dass Sie <\/span><b>aufh\u00f6ren, gegen sich selbst zu k\u00e4mpfen<\/b><span style=\"font-weight: 400;\">, und beginnen, mit Ihrem eigenen K\u00f6rper zusammenzuarbeiten.<\/span><\/p>\n","protected":false},"excerpt":{"rendered":"<p>Wenn Sie sich im Februar m\u00fcde, lustlos und energielos f\u00fchlen, ist es wichtig, eines zu wissen: es liegt nicht an<\/p>\n","protected":false},"author":809,"featured_media":31678,"comment_status":"open","ping_status":"open","sticky":false,"template":"","format":"standard","meta":{"_acf_changed":false,"footnotes":""},"categories":[691],"tags":[696,847,693,962,929,925,904,861,796,892,991,1021,711],"class_list":["post-31677","post","type-post","status-publish","format-standard","has-post-thumbnail","hentry","category-blog","tag-chlorophyll","tag-chronische-mudigkeit","tag-dinkelsaft","tag-ernahrung","tag-gesunde-ernahrung","tag-gesundes-leben","tag-gesundheit","tag-immunitatsabfall","tag-naturliche-energiequellen","tag-regulierung-der-hormone","tag-sauerstoffmangel","tag-ungleichgewicht","tag-vitamine-und-mineralstoffe"],"acf":[],"_links":{"self":[{"href":"https:\/\/eliksirvitalnosti.com\/de\/wp-json\/wp\/v2\/posts\/31677","targetHints":{"allow":["GET"]}}],"collection":[{"href":"https:\/\/eliksirvitalnosti.com\/de\/wp-json\/wp\/v2\/posts"}],"about":[{"href":"https:\/\/eliksirvitalnosti.com\/de\/wp-json\/wp\/v2\/types\/post"}],"author":[{"embeddable":true,"href":"https:\/\/eliksirvitalnosti.com\/de\/wp-json\/wp\/v2\/users\/809"}],"replies":[{"embeddable":true,"href":"https:\/\/eliksirvitalnosti.com\/de\/wp-json\/wp\/v2\/comments?post=31677"}],"version-history":[{"count":0,"href":"https:\/\/eliksirvitalnosti.com\/de\/wp-json\/wp\/v2\/posts\/31677\/revisions"}],"wp:featuredmedia":[{"embeddable":true,"href":"https:\/\/eliksirvitalnosti.com\/de\/wp-json\/wp\/v2\/media\/31678"}],"wp:attachment":[{"href":"https:\/\/eliksirvitalnosti.com\/de\/wp-json\/wp\/v2\/media?parent=31677"}],"wp:term":[{"taxonomy":"category","embeddable":true,"href":"https:\/\/eliksirvitalnosti.com\/de\/wp-json\/wp\/v2\/categories?post=31677"},{"taxonomy":"post_tag","embeddable":true,"href":"https:\/\/eliksirvitalnosti.com\/de\/wp-json\/wp\/v2\/tags?post=31677"}],"curies":[{"name":"wp","href":"https:\/\/api.w.org\/{rel}","templated":true}]}}