{"id":10250,"date":"2024-12-08T07:26:26","date_gmt":"2024-12-08T07:26:26","guid":{"rendered":"https:\/\/eliksirvitalnosti.com\/vital-natural-konferencia-az-igazsagok-feltarasa-egy-jobb-jovo-erdekeben\/"},"modified":"2024-12-08T07:26:26","modified_gmt":"2024-12-08T07:26:26","slug":"vital-natural-konferencia-az-igazsagok-feltarasa-egy-jobb-jovo-erdekeben","status":"publish","type":"post","link":"https:\/\/eliksirvitalnosti.com\/hu\/vital-natural-konferencia-az-igazsagok-feltarasa-egy-jobb-jovo-erdekeben\/","title":{"rendered":"&#8222;Vital Natural&#8221; konferencia: Az igazs\u00e1gok felt\u00e1r\u00e1sa egy jobb j\u00f6v\u0151 \u00e9rdek\u00e9ben"},"content":{"rendered":"<p>Egy olyan vil\u00e1gban, ahol az eg\u00e9szs\u00e9g\u00fcgyi inform\u00e1ci\u00f3kat a piaci logika prizm\u00e1j\u00e1n kereszt\u00fcl n\u00e9zz\u00fck, gyakran elfelejtj\u00fck azokat az<br \/>\n alapvet\u0151 igazs\u00e1gokat, amelyek megv\u00e1ltoztathatj\u00e1k az \u00e9let\u00fcnket. A Zeleni Sokovi Nemet c\u00e9g \u00e1ltal<br \/>\n szervezett &#8222;Vital Natural&#8221; konferencia, amelyet 2025. febru\u00e1r 23-\u00e1n tartanak a gy\u00f6ny\u00f6r\u0171 szabadkai<br \/>\n Villa Majurban, lehet\u0151s\u00e9get ny\u00fajt arra, hogy k\u00f6zvetlen\u00fcl meghallgass\u00e1k a szak\u00e9rt\u0151ket, akik eloszlatj\u00e1k a m\u00edtoszokat \u00e9s felt\u00e1rj\u00e1k az eg\u00e9szs\u00e9ggel kapcsolatos rejtett igazs\u00e1gokat<br \/>\n. \u2013 <span style=\"color: #000000;\"><strong> D\u00e1tum: <\/strong><\/span> 2025.02.23.   <\/p>\n<p> (Vas\u00e1rnap)<br \/>\n\u2013 <span style=\"color: #000000;\"><strong> Id\u0151: <\/strong><\/span> 10:00 \u2013 14:00<br \/>\nh \u2013 <span style=\"color: #000000;\"><strong> Helysz\u00edn: <\/strong><\/span> Villa Majur, Szabadka <span style=\"color: #000000;\"><strong> Mire sz\u00e1m\u00edthat? <\/strong><\/span><br \/>\nA konferencia sz\u00e1mos olyan t\u00e9m\u00e1val foglalkozik, amelyeket gyakran figyelmen k\u00edv\u00fcl hagynak, p\u00e9ld\u00e1ul: Egyetemes igazs\u00e1gok az eg\u00e9szs\u00e9gr\u0151l<br \/>\n, amelyek rejtve vannak a nyilv\u00e1noss\u00e1g el\u0151l, A ter\u00e1pia alternat\u00edv megk\u00f6zel\u00edt\u00e9sei \u00e9s a gy\u00f3gyszerek, amelyeket elker\u00fclhet\u00fcnk, Az inkompetens eg\u00e9szs\u00e9g\u00fcgyi szakemberek azonos\u00edt\u00e1s\u00e1nak meg\u00e9rt\u00e9se<br \/>\n \u00e9s \u00edgy tov\u00e1bb.<\/p>\n<p>A r\u00e9sztvev\u0151knek lehet\u0151s\u00e9g\u00fck ny\u00edlik arra, hogy inspir\u00e1l\u00f3 \u00e9s oktat\u00f3 el\u0151ad\u00e1sokat hallgassanak olyan neves szak\u00e9rt\u0151kt\u0151l, mint <span style=\"color: #000000;\"> <strong> Dr. Katarina Badawi<\/strong>, <strong> Ana Dornik, Dr<\/strong> <\/span> <span style=\"color: #000000;\"><strong> . Nemet Roland<\/strong><\/span> \u00e9s <strong> <span style=\"color: #000000;\"> Dr. Miroljub Petrovic<\/span>. <\/strong><br \/>\n\u2013 10:00 \u2013 10:15: Bevezet\u0151 el\u0151ad\u00e1s<br \/>\n\u2013 10:15 \u2013 11:00: Dr. Katarina Badawi<br \/>\nel\u0151ad\u00e1sa \u2013 11:00 \u2013 11:50: Ana Dornik<br \/>\nel\u0151ad\u00e1sa \u2013 11:50 \u2013 12:20: Sz\u00fcnet<br \/>\n\u2013 12:20 \u2013 13:10: Dr. Nemet Roland<br \/>\nel\u0151ad\u00e1sa \u2013 13:10 \u2013 14:00: Dr. Miroljub Petrovi\u0107 el\u0151ad\u00e1sa<\/p>\n<p><strong> Jegyek \u00e9s regisztr\u00e1ci\u00f3 <\/strong><br \/>\nAz \u00d6n preferenci\u00e1it\u00f3l f\u00fcgg\u0151en k\u00fcl\u00f6nb\u00f6z\u0151 t\u00edpus\u00fa jegyeket v\u00e1laszthat:<br \/>\n\u2013 <span style=\"color: #000000;\"> <strong> Standard jegy<\/strong>: <\/span> 2,490 din\u00e1r<br \/>\n\u2013 <span style=\"color: #000000;\"><strong> Pr\u00e9mium jegy: <\/strong><\/span> 4,990 din\u00e1r<br \/>\n\u2013 <span style=\"color: #000000;\"><strong> VIP jegy: <\/strong><\/span> 9,990 din\u00e1r Minden jegy k\u00fcl\u00f6nf\u00e9le extr\u00e1kat tartalmaz, p\u00e9ld\u00e1ul jegyzetf\u00fczetet, goly\u00f3stollat, vizes palackot, kuponokat, k\u00f6nyveket,<br \/>\n s\u0151t m\u00e9g az el\u0151ad\u00f3kkal val\u00f3 tov\u00e1bbi interakci\u00f3k lehet\u0151s\u00e9g\u00e9t is.<\/p>\n<p><span style=\"color: #000000;\"><strong>Mi\u00e9rt ne hagyja ki ezt a lehet\u0151s\u00e9get?<\/strong><\/span><br \/>\nEz a konferencia nem csup\u00e1n egy \u00fajabb \u00f6sszej\u00f6vetel. Ez egy olyan hely, ahol konkr\u00e9t v\u00e1laszokat kapsz,<br \/>\n elm\u00e9lkedsz az eg\u00e9szs\u00e9gedr\u0151l, \u00e9s tal\u00e1n d\u00f6nt\u0151 l\u00e9p\u00e9st teszel az \u00e9leted meger\u0151s\u00edt\u00e9se fel\u00e9. Egy olyan id\u0151szakban<br \/>\n, amikor sok inform\u00e1ci\u00f3 \u00e1ll rendelkez\u00e9s\u00fcnkre, mindig hasznos meghallgatni a betekint\u00e9st k\u00f6zvetlen\u00fcl azokt\u00f3l, akik k\u00fcl\u00f6nb\u00f6z\u0151 perspekt\u00edv\u00e1kb\u00f3l foglalkoznak az eg\u00e9szs\u00e9ggel<br \/>\n.<br \/>\nHa k\u00e9szen \u00e1llsz a v\u00e1ltoz\u00e1sra, \u00e9s szeretn\u00e9d k\u00e9zbe venni az eg\u00e9szs\u00e9ged ir\u00e1ny\u00edt\u00e1s\u00e1t, csatlakozz hozz\u00e1nk ezen az<br \/>\n inspir\u00e1l\u00f3 konferenci\u00e1n!<br \/>\nTov\u00e1bbi inform\u00e1ci\u00f3\u00e9rt \u00e9s regisztr\u00e1ci\u00f3\u00e9rt kattintson ide: <a href=\"https:\/\/eliksirvitalnosti.com\/hu\/promocios-konferencia\/\"> https:\/\/eliksirvitalnosti.com\/promo-konferencija\/ <\/a>  <\/p>\n","protected":false},"excerpt":{"rendered":"<p>Egy olyan vil\u00e1gban, ahol az eg\u00e9szs\u00e9g\u00fcgyi inform\u00e1ci\u00f3kat a piaci logika prizm\u00e1j\u00e1n kereszt\u00fcl n\u00e9zz\u00fck, gyakran elfelejtj\u00fck azokat az alapvet\u0151 igazs\u00e1gokat, amelyek<\/p>\n","protected":false},"author":1,"featured_media":9732,"comment_status":"closed","ping_status":"closed","sticky":false,"template":"","format":"standard","meta":{"_acf_changed":false,"footnotes":""},"categories":[370],"tags":[],"class_list":["post-10250","post","type-post","status-publish","format-standard","has-post-thumbnail","hentry","category-blog-hu"],"acf":[],"_links":{"self":[{"href":"https:\/\/eliksirvitalnosti.com\/hu\/wp-json\/wp\/v2\/posts\/10250","targetHints":{"allow":["GET"]}}],"collection":[{"href":"https:\/\/eliksirvitalnosti.com\/hu\/wp-json\/wp\/v2\/posts"}],"about":[{"href":"https:\/\/eliksirvitalnosti.com\/hu\/wp-json\/wp\/v2\/types\/post"}],"author":[{"embeddable":true,"href":"https:\/\/eliksirvitalnosti.com\/hu\/wp-json\/wp\/v2\/users\/1"}],"replies":[{"embeddable":true,"href":"https:\/\/eliksirvitalnosti.com\/hu\/wp-json\/wp\/v2\/comments?post=10250"}],"version-history":[{"count":0,"href":"https:\/\/eliksirvitalnosti.com\/hu\/wp-json\/wp\/v2\/posts\/10250\/revisions"}],"wp:featuredmedia":[{"embeddable":true,"href":"https:\/\/eliksirvitalnosti.com\/hu\/wp-json\/wp\/v2\/media\/9732"}],"wp:attachment":[{"href":"https:\/\/eliksirvitalnosti.com\/hu\/wp-json\/wp\/v2\/media?parent=10250"}],"wp:term":[{"taxonomy":"category","embeddable":true,"href":"https:\/\/eliksirvitalnosti.com\/hu\/wp-json\/wp\/v2\/categories?post=10250"},{"taxonomy":"post_tag","embeddable":true,"href":"https:\/\/eliksirvitalnosti.com\/hu\/wp-json\/wp\/v2\/tags?post=10250"}],"curies":[{"name":"wp","href":"https:\/\/api.w.org\/{rel}","templated":true}]}}