{"id":10267,"date":"2024-10-15T16:17:09","date_gmt":"2024-10-15T16:17:09","guid":{"rendered":"https:\/\/eliksirvitalnosti.com\/a-meditacio-elonyei-a-mentalis-egeszsegre\/"},"modified":"2024-10-15T16:17:09","modified_gmt":"2024-10-15T16:17:09","slug":"a-meditacio-elonyei-a-mentalis-egeszsegre","status":"publish","type":"post","link":"https:\/\/eliksirvitalnosti.com\/hu\/a-meditacio-elonyei-a-mentalis-egeszsegre\/","title":{"rendered":"A medit\u00e1ci\u00f3 el\u0151nyei a ment\u00e1lis eg\u00e9szs\u00e9gre"},"content":{"rendered":"<p>A mai rohan\u00f3 vil\u00e1gban, ahol napi szinten k\u00fcl\u00f6nb\u00f6z\u0151 stresszoroknak vagyunk kit\u00e9ve, a medit\u00e1ci\u00f3 a ment\u00e1lis eg\u00e9szs\u00e9g jav\u00edt\u00e1s\u00e1nak hat\u00e9kony eszk\u00f6zek\u00e9nt jelenik meg<br \/>\n. Ez az \u0151si gyakorlat, amelyet \u00e9vezredek \u00f3ta haszn\u00e1lnak<br \/>\n k\u00fcl\u00f6nb\u00f6z\u0151 kult\u00far\u00e1kban, elk\u00e9peszt\u0151 eredm\u00e9nyeket mutatott a stressz cs\u00f6kkent\u00e9se, a f\u00f3kusz<br \/>\n jav\u00edt\u00e1sa \u00e9s az \u00e1ltal\u00e1nos j\u00f3l\u00e9t jav\u00edt\u00e1sa szempontj\u00e1b\u00f3l. Ebben a blogbejegyz\u00e9sben felt\u00e1rjuk a ment\u00e1lis eg\u00e9szs\u00e9g medit\u00e1ci\u00f3 k\u00fcl\u00f6nb\u00f6z\u0151 el\u0151nyeit<br \/>\n, \u00e9s azt, hogyan \u00e9p\u00edtheti be mindennapi \u00e9let\u00e9be. <\/p>\n<p> A medit\u00e1ci\u00f3 egyik legjelent\u0151sebb el\u0151nye, hogy k\u00e9pes cs\u00f6kkenteni a stressz szintj\u00e9t. A medit\u00e1ci\u00f3<br \/>\n seg\u00edt cs\u00f6kkenteni a stresszhormonok, p\u00e9ld\u00e1ul a kortizol termel\u00e9s\u00e9t, ami nyugalomhoz \u00e9s<br \/>\n relax\u00e1ci\u00f3hoz vezet. Sz\u00e1mos tanulm\u00e1ny kimutatta, hogy a rendszeres medit\u00e1ci\u00f3s gyakorlat jelent\u0151sen cs\u00f6kkentheti a szorong\u00e1st,<br \/>\n ellen\u00e1ll\u00f3bb\u00e1 t\u00e9ve minket a mindennapi \u00e9let stresszoraival szemben.<br \/>\n2 . Az \u00e9rzelmi eg\u00e9szs\u00e9g<br \/>\n jav\u00edt\u00e1sa A medit\u00e1ci\u00f3 nagyon pozit\u00edv hat\u00e1ssal lehet \u00e9rzelmi eg\u00e9szs\u00e9g\u00fcnkre. A mindfulness gyakorlatok r\u00e9v\u00e9n a gyakorl\u00f3k<br \/>\n jobban tudat\u00e1ban lehetnek \u00e9rzelmeiknek, \u00e9s konstrukt\u00edvabb m\u00f3don reag\u00e1lhatnak r\u00e1juk. Ez a depresszi\u00f3 \u00e9s a szorong\u00e1s t\u00fcneteinek cs\u00f6kken\u00e9s\u00e9hez<br \/>\n vezethet.       Ezenk\u00edv\u00fcl a medit\u00e1ci\u00f3 seg\u00edthet pozit\u00edvabb<br \/>\n \u00e9letszeml\u00e9let kialak\u00edt\u00e1s\u00e1ban, ami hozz\u00e1j\u00e1rul az \u00e1ltal\u00e1nos j\u00f3l\u00e9thez.<br \/>\n3 . N\u00f6velje a ment\u00e1lis f\u00f3kuszt \u00e9s a figyelmet<br \/>\n A medit\u00e1ci\u00f3 egyik f\u0151 el\u0151nye a f\u00f3kusz \u00e9s a koncentr\u00e1ci\u00f3 jav\u00edt\u00e1sa. A medit\u00e1ci\u00f3 megtan\u00edtja nek\u00fcnk a figyelem ir\u00e1ny\u00edt\u00e1s\u00e1nak technik\u00e1it<br \/>\n, amelyek rendk\u00edv\u00fcl hasznosak lehetnek a mindennapi tev\u00e9kenys\u00e9gekben. A rendszeres medit\u00e1ci\u00f3s gyakorlat<br \/>\n a kognit\u00edv funkci\u00f3k, p\u00e9ld\u00e1ul a figyelem, a kreativit\u00e1s \u00e9s a probl\u00e9mamegold\u00f3 k\u00e9pess\u00e9g<br \/>\n javul\u00e1s\u00e1hoz vezethet.<br \/>\n4 . Az \u00f6nbizalom \u00e9s az \u00f6nelfogad\u00e1s<br \/>\n n\u00f6vel\u00e9se A medit\u00e1ci\u00f3 \u00f6szt\u00f6nzi az \u00f6nreflexi\u00f3t \u00e9s az \u00f6nvizsg\u00e1latot, ami seg\u00edthet az egy\u00e9neknek jobban meg\u00e9rteni magukat \u00e9s<br \/>\n elfogadni hib\u00e1ikat \u00e9s er\u00e9nyeiket. Ez az \u00f6nelfogad\u00e1si folyamat n\u00f6velheti az \u00f6nbizalmat \u00e9s cs\u00f6kkentheti a bizonytalans\u00e1g \u00e9rz\u00e9s\u00e9t<br \/>\n. A medit\u00e1ci\u00f3n kereszt\u00fcl megtanulhatod, hogy kev\u00e9sb\u00e9 legy\u00e9l kritikus magaddal szemben, \u00e9s m\u00e9lyebb szeretetet<br \/>\n alak\u00edthatsz ki saj\u00e1t l\u00e9nyed ir\u00e1nt.<br \/>\n5 . Az interperszon\u00e1lis kapcsolatok<br \/>\n jav\u00edt\u00e1sa A medit\u00e1ci\u00f3 pozit\u00edv hat\u00e1ssal lehet az interperszon\u00e1lis kapcsolatokra is. Az \u00f6nmagunk \u00e9s<br \/>\n m\u00e1sok ir\u00e1nti egy\u00fctt\u00e9rz\u00e9s \u00e9s emp\u00e1tia fejleszt\u00e9se k\u00f6nnyebb\u00e9 v\u00e1lik a medit\u00e1ci\u00f3 gyakorl\u00e1s\u00e1val.      Ha jobban tudat\u00e1ban vagyunk saj\u00e1t \u00e9s m\u00e1sok \u00e9rz\u00e9seinek,<br \/>\n jobban tudunk kommunik\u00e1lni \u00e9s eg\u00e9szs\u00e9gesebb kapcsolatokat \u00e9p\u00edthet\u00fcnk ki.<br \/>\n6 . Test \u00e9s elme: fizikai el\u0151ny\u00f6k A<br \/>\n ment\u00e1lis eg\u00e9szs\u00e9g mellett a medit\u00e1ci\u00f3nak fizikai el\u0151nyei is lehetnek. A stressz cs\u00f6kkent\u00e9se cs\u00f6kkentheti a fizikai eg\u00e9szs\u00e9g\u00fcgyi probl\u00e9m\u00e1k, p\u00e9ld\u00e1ul a sz\u00edvbetegs\u00e9gek \u00e9s a magas v\u00e9rnyom\u00e1s kock\u00e1zat\u00e1t<br \/>\n. A medit\u00e1ci\u00f3<br \/>\n hozz\u00e1j\u00e1rulhat a jobb alv\u00e1smin\u0151s\u00e9ghez is, ami elengedhetetlen a test \u00e9s az elme helyre\u00e1ll\u00edt\u00e1s\u00e1hoz. <span style=\"color: #000000;\"><strong> Hogyan kezdj\u00fck el a medit\u00e1ci\u00f3t <\/strong><\/span><br \/>\nHa m\u00e9g nem ismeri a medit\u00e1ci\u00f3 vil\u00e1g\u00e1t, \u00edme n\u00e9h\u00e1ny tipp a kezd\u00e9shez:<br \/>\n 1. Kezdje lassan: Nem akarja t\u00falterhelni mag\u00e1t, ez\u00e9rt az elej\u00e9n pr\u00f3b\u00e1ljon meg napi<br \/>\n 5-10 percet medit\u00e1lni.<br \/>\n2. V\u00e1lasszon egy csendes helyet: Csendben van, ahol nem zavarj\u00e1k.<br \/>\n3. \u00d6sszpontos\u00edtsa figyelm\u00e9t a l\u00e9gz\u00e9s\u00e9re: \u00d6sszpontos\u00edtson a l\u00e9gz\u00e9s\u00e9re. Ha a gondolataid elkalandoznak, \u00f3vatosan hozd vissza \u0151ket<br \/>\n a l\u00e9gz\u00e9shez.<br \/>\n4. Fedezze fel a k\u00fcl\u00f6nb\u00f6z\u0151 technik\u00e1kat: K\u00fcl\u00f6nb\u00f6z\u0151 t\u00edpus\u00fa medit\u00e1ci\u00f3k l\u00e9teznek, bele\u00e9rtve a f\u00f3kuszmedit\u00e1ci\u00f3t,<br \/>\n az ir\u00e1ny\u00edtott medit\u00e1ci\u00f3t \u00e9s a mindfulness medit\u00e1ci\u00f3t.<br \/>\n  Keresse meg az \u00d6nnek legmegfelel\u0151bbet.<br \/>\n5 . L\u00e9gy t\u00fcrelmes: A halad\u00e1s lass\u00fa lehet, de fontos, hogy t\u00fcrelmes legy\u00e9l magaddal. A<br \/>\n medit\u00e1ci\u00f3 olyan k\u00e9szs\u00e9g, amely id\u0151vel fejl\u0151dik. Eleinte nem k\u00f6nny\u0171 megnyugtatni az elm\u00e9t, de a rendszeres<br \/>\n gyakorl\u00e1s eredm\u00e9nyeket hoz.<br \/>\n6. \u00c1ll\u00edtson be napi rutint: Optim\u00e1lis, ha minden nap van egy meghat\u00e1rozott id\u0151 a medit\u00e1ci\u00f3ra, ak\u00e1r reggel, ak\u00e1r a munkahelyi sz\u00fcnetben,<br \/>\n ak\u00e1r lefekv\u00e9s el\u0151tt. A rutin kialak\u00edt\u00e1s\u00e1val a medit\u00e1ci\u00f3 az \u00e9leted r\u00e9sz\u00e9v\u00e9 v\u00e1lik.<br \/>\n7. L\u00e9pjen kapcsolatba a k\u00f6z\u00f6ss\u00e9ggel: Fontolja meg egy medit\u00e1ci\u00f3s csoporthoz val\u00f3 csatlakoz\u00e1st vagy \u00f3r\u00e1kon val\u00f3 r\u00e9szv\u00e9telt. Ez<br \/>\n motiv\u00e1l\u00f3 lehet, \u00e9s seg\u00edthet a gyakorlat fejleszt\u00e9s\u00e9ben.    <\/p>\n<p><span style=\"color: #000000;\"><strong>K\u00f6vetkeztet\u00e9s<\/strong><\/span><\/p>\n<p>A medit\u00e1ci\u00f3 hat\u00e9kony eszk\u00f6z a ment\u00e1lis eg\u00e9szs\u00e9g jav\u00edt\u00e1s\u00e1ra, amely sz\u00e1mos el\u0151nnyel j\u00e1r, a stressz<br \/>\n cs\u00f6kkent\u00e9s\u00e9t\u0151l az interperszon\u00e1lis kapcsolatok jav\u00edt\u00e1s\u00e1ig. Rendszeres gyakorl\u00e1ssal olyan k\u00e9szs\u00e9geket fejleszthet ki, amelyek seg\u00edtenek<br \/>\n megbirk\u00f3zni a mindennapi kih\u00edv\u00e1sokkal \u00e9s jav\u00edtj\u00e1k \u00e9rzelmi j\u00f3l\u00e9t\u00e9t. F\u00fcggetlen\u00fcl att\u00f3l, hogy kezd\u0151 vagy, vagy m\u00e1r van tapasztalatod<br \/>\n, minden medit\u00e1ci\u00f3ban t\u00f6lt\u00f6tt pillanat hozz\u00e1j\u00e1rulhat egy jobb \u00e9lethez.<br \/>\nEgy olyan vil\u00e1gban, amelyet gyakran el\u00e1raszt a stressz \u00e9s a k\u00e1osz, a medit\u00e1ci\u00f3 lehet\u0151s\u00e9get ny\u00fajt arra, hogy kapcsolatba l\u00e9pj\u00fcnk \u00f6nmagunkkal \u00e9s<br \/>\n b\u00e9k\u00e9t tal\u00e1ljunk. Kezdje el m\u00e9g ma \u2013 meg\u00e9rdemli!   <\/p>\n","protected":false},"excerpt":{"rendered":"<p>A mai rohan\u00f3 vil\u00e1gban, ahol napi szinten k\u00fcl\u00f6nb\u00f6z\u0151 stresszoroknak vagyunk kit\u00e9ve, a medit\u00e1ci\u00f3 a ment\u00e1lis eg\u00e9szs\u00e9g jav\u00edt\u00e1s\u00e1nak hat\u00e9kony eszk\u00f6zek\u00e9nt jelenik<\/p>\n","protected":false},"author":1,"featured_media":9623,"comment_status":"closed","ping_status":"closed","sticky":false,"template":"","format":"standard","meta":{"_acf_changed":false,"footnotes":""},"categories":[370],"tags":[],"class_list":["post-10267","post","type-post","status-publish","format-standard","has-post-thumbnail","hentry","category-blog-hu"],"acf":[],"_links":{"self":[{"href":"https:\/\/eliksirvitalnosti.com\/hu\/wp-json\/wp\/v2\/posts\/10267","targetHints":{"allow":["GET"]}}],"collection":[{"href":"https:\/\/eliksirvitalnosti.com\/hu\/wp-json\/wp\/v2\/posts"}],"about":[{"href":"https:\/\/eliksirvitalnosti.com\/hu\/wp-json\/wp\/v2\/types\/post"}],"author":[{"embeddable":true,"href":"https:\/\/eliksirvitalnosti.com\/hu\/wp-json\/wp\/v2\/users\/1"}],"replies":[{"embeddable":true,"href":"https:\/\/eliksirvitalnosti.com\/hu\/wp-json\/wp\/v2\/comments?post=10267"}],"version-history":[{"count":0,"href":"https:\/\/eliksirvitalnosti.com\/hu\/wp-json\/wp\/v2\/posts\/10267\/revisions"}],"wp:featuredmedia":[{"embeddable":true,"href":"https:\/\/eliksirvitalnosti.com\/hu\/wp-json\/wp\/v2\/media\/9623"}],"wp:attachment":[{"href":"https:\/\/eliksirvitalnosti.com\/hu\/wp-json\/wp\/v2\/media?parent=10267"}],"wp:term":[{"taxonomy":"category","embeddable":true,"href":"https:\/\/eliksirvitalnosti.com\/hu\/wp-json\/wp\/v2\/categories?post=10267"},{"taxonomy":"post_tag","embeddable":true,"href":"https:\/\/eliksirvitalnosti.com\/hu\/wp-json\/wp\/v2\/tags?post=10267"}],"curies":[{"name":"wp","href":"https:\/\/api.w.org\/{rel}","templated":true}]}}