{"id":10337,"date":"2024-05-12T10:17:12","date_gmt":"2024-05-12T10:17:12","guid":{"rendered":"https:\/\/eliksirvitalnosti.com\/stressz-a-modern-kor-finom-ellensege\/"},"modified":"2024-05-12T10:17:12","modified_gmt":"2024-05-12T10:17:12","slug":"stressz-a-modern-kor-finom-ellensege","status":"publish","type":"post","link":"https:\/\/eliksirvitalnosti.com\/hu\/stressz-a-modern-kor-finom-ellensege\/","title":{"rendered":"Stressz: A modern kor finom ellens\u00e9ge"},"content":{"rendered":"<p>Stressz \u2013 olyan \u00e9rz\u00e9s, amelyet a legt\u00f6bben j\u00f3l ismer\u00fcnk. A mai vil\u00e1gban, ahol az \u00e9let szoros \u00fcteme, a munka, a csal\u00e1di k\u00f6telezetts\u00e9gek \u00e9s a t\u00e1rsadalmi ig\u00e9nyek nyom\u00e1sa n\u00f6vekszik, a stresszel val\u00f3 megbirk\u00f3z\u00e1s szinte elker\u00fclhetetlenn\u00e9 v\u00e1lt. M\u00edg azonban a stressz a test term\u00e9szetes v\u00e1lasza a kih\u00edv\u00e1sokra, a stressznek val\u00f3 hossz\u00fa t\u00e1v\u00fa kitetts\u00e9g s\u00falyos k\u00f6vetkezm\u00e9nyekkel j\u00e1rhat eg\u00e9szs\u00e9g\u00fcnkre, mind fizikailag, mind ment\u00e1lisan.  <\/p>\n<p><img decoding=\"async\" class=\" wd-lazy-fade alignnone size-medium wp-image-13225\" src=\"https:\/\/eliksirvitalnosti.com\/wp-content\/themes\/woodmart\/images\/lazy.svg\" data-src=\"https:\/\/eliksirvitalnosti.com\/wp-content\/webp-express\/webp-images\/uploads\/2024\/04\/2-2.png.webp\" sizes=\"(max-width: 1080px) 100vw, 1080px\" srcset=\"\" data-srcset=\"https:\/\/eliksirvitalnosti.com\/wp-content\/webp-express\/webp-images\/uploads\/2024\/04\/2-2.png.webp 1080w, https:\/\/eliksirvitalnosti.com\/wp-content\/webp-express\/webp-images\/uploads\/2024\/04\/2-2-768x768.png.webp 768w, https:\/\/eliksirvitalnosti.com\/wp-content\/webp-express\/webp-images\/uploads\/2024\/04\/2-2-300x300.png.webp 300w, https:\/\/eliksirvitalnosti.com\/wp-content\/webp-express\/webp-images\/uploads\/2024\/04\/2-2-600x600.png.webp 600w, https:\/\/eliksirvitalnosti.com\/wp-content\/webp-express\/webp-images\/uploads\/2024\/04\/2-2-100x100.png.webp 100w\" alt=\"\" width=\"1080\" height=\"1080\"><\/p>\n<p>&nbsp;<\/p>\n<p><b>A stressz fizikai \u00e9s ment\u00e1lis hat\u00e1sai<\/b><\/p>\n<p>A stressz sz\u00e1mos m\u00f3don nyilv\u00e1nulhat meg, mind fizikailag, mind ment\u00e1lisan. Az olyan t\u00fcnetekt\u0151l, mint a fejf\u00e1j\u00e1s, az izomfesz\u00fclts\u00e9g, az em\u00e9szt\u00e9si probl\u00e9m\u00e1k, az \u00e9rzelmi reakci\u00f3kig, mint p\u00e9ld\u00e1ul a szorong\u00e1s, a depresszi\u00f3 vagy az ingerl\u00e9kenys\u00e9g, a stressz komoly hat\u00e1ssal lehet mindennapi \u00e9let\u00fcnkre \u00e9s \u00e1ltal\u00e1nos j\u00f3l\u00e9t\u00fcnkre. <\/p>\n<p>&nbsp;<\/p>\n<p>&nbsp;<\/p>\n<p><b>Stresszkezel\u00e9si strat\u00e9gi\u00e1k<\/b><\/p>\n<p>Szerencs\u00e9re sz\u00e1mos strat\u00e9gi\u00e1t alkalmazhatunk a stressz kezel\u00e9s\u00e9re \u00e9s negat\u00edv hat\u00e1sainak cs\u00f6kkent\u00e9s\u00e9re. A rendszeres fizikai aktivit\u00e1s, a m\u00e9ly l\u00e9gz\u00e9s, a medit\u00e1ci\u00f3, a hat\u00e1rok fel\u00e1ll\u00edt\u00e1sa, valamint a csal\u00e1d \u00e9s a bar\u00e1tok t\u00e1mogat\u00e1sa csak n\u00e9h\u00e1ny m\u00f3dja annak, hogy hat\u00e9konyan kezelj\u00fck a stresszt az \u00e9let\u00fcnkben. <\/p>\n<p>&nbsp;<\/p>\n<p><img decoding=\"async\" class=\" wd-lazy-fade alignnone size-full wp-image-13227\" src=\"https:\/\/eliksirvitalnosti.com\/wp-content\/themes\/woodmart\/images\/lazy.svg\" data-src=\"https:\/\/eliksirvitalnosti.com\/wp-content\/webp-express\/webp-images\/uploads\/2024\/04\/3-2.png.webp\" sizes=\"(max-width: 1080px) 100vw, 1080px\" srcset=\"\" data-srcset=\"https:\/\/eliksirvitalnosti.com\/wp-content\/webp-express\/webp-images\/uploads\/2024\/04\/3-2.png.webp 1080w, https:\/\/eliksirvitalnosti.com\/wp-content\/webp-express\/webp-images\/uploads\/2024\/04\/3-2-768x768.png.webp 768w, https:\/\/eliksirvitalnosti.com\/wp-content\/webp-express\/webp-images\/uploads\/2024\/04\/3-2-300x300.png.webp 300w, https:\/\/eliksirvitalnosti.com\/wp-content\/webp-express\/webp-images\/uploads\/2024\/04\/3-2-600x600.png.webp 600w, https:\/\/eliksirvitalnosti.com\/wp-content\/webp-express\/webp-images\/uploads\/2024\/04\/3-2-100x100.png.webp 100w\" alt=\"\" width=\"1080\" height=\"1080\"><\/p>\n<p>&nbsp;<\/p>\n<p><b>Z\u00f6ld t\u00f6nk\u00f6lyl\u00e9: term\u00e9szetes seg\u00edts\u00e9g a stressz ellen<\/b><\/p>\n<p>A stressz kezel\u00e9s\u00e9nek m\u00f3djainak m\u00e9rlegel\u00e9sekor nem szabad elhanyagolnunk a megfelel\u0151 t\u00e1pl\u00e1lkoz\u00e1s fontoss\u00e1g\u00e1t. Az \u00e1ltalunk fogyasztott \u00e9telek jelent\u0151s hat\u00e1ssal lehetnek ment\u00e1lis eg\u00e9szs\u00e9g\u00fcnkre \u00e9s a stresszel val\u00f3 megbirk\u00f3z\u00e1si k\u00e9pess\u00e9g\u00fcnkre. Ebben az \u00f6sszef\u00fcgg\u00e9sben a z\u00f6ld t\u00f6nk\u00f6lyl\u00e9 igazi \u00e1ld\u00e1s lehet. A z\u00f6ld t\u00f6nk\u00f6lyl\u00e9 magas t\u00e1panyagtartalm\u00fa, bele\u00e9rtve a magn\u00e9ziumot \u00e9s a B-komplex vitaminokat, amelyek elengedhetetlenek az idegrendszer szab\u00e1lyoz\u00e1s\u00e1hoz \u00e9s a stressz cs\u00f6kkent\u00e9s\u00e9hez. A magn\u00e9zium seg\u00edt ellaz\u00edtani az izmokat \u00e9s cs\u00f6kkenti a fesz\u00fclts\u00e9get, m\u00edg a B-komplex vitaminok t\u00e1mogatj\u00e1k az idegrendszer eg\u00e9szs\u00e9g\u00e9t \u00e9s hozz\u00e1j\u00e1rulnak a relax\u00e1ci\u00f3 \u00e9rz\u00e9s\u00e9hez. A z\u00f6ld t\u00f6nk\u00f6lyl\u00e9 rendszeres fogyaszt\u00e1s\u00e1val tov\u00e1bbi t\u00e1mogat\u00e1st ny\u00fajthatunk test\u00fcnknek a stressz elleni k\u00fczdelemben, seg\u00edtve a pihen\u00e9st \u00e9s a bels\u0151 egyens\u00faly megtal\u00e1l\u00e1s\u00e1t.  <\/p>\n<p><img decoding=\"async\" class=\" wd-lazy-fade alignnone size-full wp-image-13228\" src=\"https:\/\/eliksirvitalnosti.com\/wp-content\/themes\/woodmart\/images\/lazy.svg\" data-src=\"https:\/\/eliksirvitalnosti.com\/wp-content\/webp-express\/webp-images\/uploads\/2024\/04\/4-2.png.webp\" sizes=\"(max-width: 1080px) 100vw, 1080px\" srcset=\"\" data-srcset=\"https:\/\/eliksirvitalnosti.com\/wp-content\/webp-express\/webp-images\/uploads\/2024\/04\/4-2.png.webp 1080w, https:\/\/eliksirvitalnosti.com\/wp-content\/webp-express\/webp-images\/uploads\/2024\/04\/4-2-768x768.png.webp 768w, https:\/\/eliksirvitalnosti.com\/wp-content\/webp-express\/webp-images\/uploads\/2024\/04\/4-2-300x300.png.webp 300w, https:\/\/eliksirvitalnosti.com\/wp-content\/webp-express\/webp-images\/uploads\/2024\/04\/4-2-600x600.png.webp 600w, https:\/\/eliksirvitalnosti.com\/wp-content\/webp-express\/webp-images\/uploads\/2024\/04\/4-2-100x100.png.webp 100w\" alt=\"\" width=\"1080\" height=\"1080\"><\/p>\n<p><b>K\u00f6vetkeztet\u00e9s<\/b><\/p>\n<p>A stressz kih\u00edv\u00e1st jelenthet az \u00e9let\u00fcnkben, de nem szabad, hogy elb\u00e1tortalan\u00edtson minket. A megfelel\u0151 stresszkezel\u00e9si strat\u00e9gi\u00e1kkal, valamint az eg\u00e9szs\u00e9ges t\u00e1pl\u00e1lkoz\u00e1s \u00e1ltal ny\u00fajtott t\u00e1mogat\u00e1ssal hat\u00e9konyan kezelhetj\u00fck a stresszt, \u00e9s tov\u00e1bbra is teljes \u00e9letet \u00e9lhet\u00fcnk. Teh\u00e1t, ha legk\u00f6zelebb \u00fagy \u00e9rzed, hogy t\u00falterhel a stressz, gondolj arra, hogyan tudod t\u00e1mogatni a testedet \u00e9s az elm\u00e9det, bele\u00e9rtve a friss\u00edt\u0151 z\u00f6ld t\u00f6nk\u00f6lyl\u00e9 fogyaszt\u00e1s\u00e1t. A tested meg fogja k\u00f6sz\u00f6nni.   <\/p>\n<p><img decoding=\"async\" class=\" wd-lazy-fade alignnone size-full wp-image-13229\" src=\"https:\/\/eliksirvitalnosti.com\/wp-content\/themes\/woodmart\/images\/lazy.svg\" data-src=\"https:\/\/eliksirvitalnosti.com\/wp-content\/webp-express\/webp-images\/uploads\/2024\/04\/7.png.webp\" sizes=\"(max-width: 1080px) 100vw, 1080px\" srcset=\"\" data-srcset=\"https:\/\/eliksirvitalnosti.com\/wp-content\/webp-express\/webp-images\/uploads\/2024\/04\/7.png.webp 1080w, https:\/\/eliksirvitalnosti.com\/wp-content\/webp-express\/webp-images\/uploads\/2024\/04\/7-768x768.png.webp 768w, https:\/\/eliksirvitalnosti.com\/wp-content\/webp-express\/webp-images\/uploads\/2024\/04\/7-300x300.png.webp 300w, https:\/\/eliksirvitalnosti.com\/wp-content\/webp-express\/webp-images\/uploads\/2024\/04\/7-600x600.png.webp 600w, https:\/\/eliksirvitalnosti.com\/wp-content\/webp-express\/webp-images\/uploads\/2024\/04\/7-100x100.png.webp 100w\" alt=\"\" width=\"1080\" height=\"1080\"><\/p>\n","protected":false},"excerpt":{"rendered":"<p>Stressz \u2013 olyan \u00e9rz\u00e9s, amelyet a legt\u00f6bben j\u00f3l ismer\u00fcnk. A mai vil\u00e1gban, ahol az \u00e9let szoros \u00fcteme, a munka, a<\/p>\n","protected":false},"author":1,"featured_media":9310,"comment_status":"closed","ping_status":"open","sticky":false,"template":"","format":"standard","meta":{"_acf_changed":false,"footnotes":""},"categories":[370],"tags":[],"class_list":["post-10337","post","type-post","status-publish","format-standard","has-post-thumbnail","hentry","category-blog-hu"],"acf":[],"_links":{"self":[{"href":"https:\/\/eliksirvitalnosti.com\/hu\/wp-json\/wp\/v2\/posts\/10337","targetHints":{"allow":["GET"]}}],"collection":[{"href":"https:\/\/eliksirvitalnosti.com\/hu\/wp-json\/wp\/v2\/posts"}],"about":[{"href":"https:\/\/eliksirvitalnosti.com\/hu\/wp-json\/wp\/v2\/types\/post"}],"author":[{"embeddable":true,"href":"https:\/\/eliksirvitalnosti.com\/hu\/wp-json\/wp\/v2\/users\/1"}],"replies":[{"embeddable":true,"href":"https:\/\/eliksirvitalnosti.com\/hu\/wp-json\/wp\/v2\/comments?post=10337"}],"version-history":[{"count":0,"href":"https:\/\/eliksirvitalnosti.com\/hu\/wp-json\/wp\/v2\/posts\/10337\/revisions"}],"wp:featuredmedia":[{"embeddable":true,"href":"https:\/\/eliksirvitalnosti.com\/hu\/wp-json\/wp\/v2\/media\/9310"}],"wp:attachment":[{"href":"https:\/\/eliksirvitalnosti.com\/hu\/wp-json\/wp\/v2\/media?parent=10337"}],"wp:term":[{"taxonomy":"category","embeddable":true,"href":"https:\/\/eliksirvitalnosti.com\/hu\/wp-json\/wp\/v2\/categories?post=10337"},{"taxonomy":"post_tag","embeddable":true,"href":"https:\/\/eliksirvitalnosti.com\/hu\/wp-json\/wp\/v2\/tags?post=10337"}],"curies":[{"name":"wp","href":"https:\/\/api.w.org\/{rel}","templated":true}]}}