{"id":12052,"date":"2025-04-16T09:13:44","date_gmt":"2025-04-16T09:13:44","guid":{"rendered":"https:\/\/eliksirvitalnosti.com\/?p=12052"},"modified":"2025-04-17T12:41:18","modified_gmt":"2025-04-17T12:41:18","slug":"almatlansag-hogyan-segithet-a-magnezium-biszglicinat-a-pihenteto-alvasban","status":"publish","type":"post","link":"https:\/\/eliksirvitalnosti.com\/hu\/almatlansag-hogyan-segithet-a-magnezium-biszglicinat-a-pihenteto-alvasban\/","title":{"rendered":"\u00c1lmatlans\u00e1g \u2013 Hogyan Seg\u00edthet a Magn\u00e9zium-Biszglicin\u00e1t a Pihentet\u0151 Alv\u00e1sban?"},"content":{"rendered":"<p>Sz\u00e1motokra is ismer\u0151s, hogy az \u00e9jszaka k\u00f6zep\u00e9n \u00f3r\u00e1kig forgol\u00f3dtok az \u00e1gyban, mik\u00f6zben a f\u00e1radts\u00e1g<br \/>\negyre csak n\u0151? Az \u00e1lmatlans\u00e1g sokak sz\u00e1m\u00e1ra mindennapos probl\u00e9ma lett, amelyet a t\u00falzott stressz, a<br \/>\nk\u00e9perny\u0151k el\u0151tt t\u00f6lt\u00f6tt id\u0151, vagy a helytelen \u00e9letm\u00f3d okozhat.<\/p>\n<p>B\u00e1r sokf\u00e9le megold\u00e1s l\u00e9tezik, egy \u00e1sv\u00e1nyi anyag, a magn\u00e9zium, kulcsszerepet j\u00e1tszik az alv\u00e1smin\u0151s\u00e9g<br \/>\njav\u00edt\u00e1s\u00e1ban, k\u00fcl\u00f6n\u00f6sen annak egyik hat\u00e9kony form\u00e1ja, a magn\u00e9zium biszglicin\u00e1t.<\/p>\n<p><strong>Mi\u00e9rt olyan fontos az alv\u00e1s?<\/strong><br \/>\nAz alv\u00e1s nem csup\u00e1n a pihen\u00e9s ideje \u2013 mik\u00f6zben alszunk, a test meg\u00fajul, a hormonok egyens\u00falyba<br \/>\nker\u00fclnek, \u00e9s az agy feldolgozza az inform\u00e1ci\u00f3kat. A kr\u00f3nikus \u00e1lmatlans\u00e1g a k\u00f6vetkez\u0151 probl\u00e9m\u00e1khoz<br \/>\nvezethet:<br \/>\nAz immunrendszer legyeng\u00fcl\u00e9se<br \/>\nHormon\u00e1lis egyens\u00falyhi\u00e1ny<br \/>\nMegn\u00f6vekedett stressz \u00e9s szorong\u00e1s<br \/>\nMem\u00f3riaprobl\u00e9m\u00e1k \u00e9s koncentr\u00e1ci\u00f3s zavarok<br \/>\nElh\u00edz\u00e1s \u00e9s \u00e9tv\u00e1gyzavarok<\/p>\n<p>Ha nem alszol j\u00f3l, a tested nem tud megfelel\u0151en m\u0171k\u00f6dni.<\/p>\n<p><strong>Tudtad, hogy a magn\u00e9ziumhi\u00e1ny \u00e1lmatlans\u00e1got okozhat?<\/strong><br \/>\nA magn\u00e9zium t\u00f6bb mint 300 biok\u00e9miai folyamatban vesz r\u00e9szt a testben, bele\u00e9rtve az izmok \u00e9s az<br \/>\nidegrendszer ellazul\u00e1s\u00e1t is. Ha nincs bel\u0151le el\u00e9g, a test fesz\u00fclt marad, az agy pedig t\u00fal akt\u00edv \u2013 ami<br \/>\nmegnehez\u00edti az elalv\u00e1st \u00e9s a m\u00e9ly alv\u00e1st.<\/p>\n<p><strong>Mi\u00e9rt \u00e9ppen a magn\u00e9zium-biszglizin\u00e1t?<\/strong><br \/>\nA piacon t\u00f6bbf\u00e9le magn\u00e9ziumk\u00e9sz\u00edtm\u00e9ny l\u00e9tezik, de a biszglizin\u00e1t az egyik legjobb az \u00e1lmatlans\u00e1g<br \/>\nkezel\u00e9s\u00e9re. \u00cdme, mi\u00e9rt:<br \/>\nLegjobb felsz\u00edv\u00f3d\u00e1s \u2013 K\u00f6nnyen felsz\u00edv\u00f3dik a szervezetben, an\u00e9lk\u00fcl, hogy gyomorprobl\u00e9m\u00e1kat<br \/>\nokozna.<br \/>\nEllaz\u00edtja a testet \u00e9s az elm\u00e9t \u2013 Cs\u00f6kkenti az izomfesz\u00fclts\u00e9get \u00e9s seg\u00edti az idegrendszer<br \/>\nmegnyugtat\u00e1s\u00e1t.<br \/>\nSerkenti a melatonin termel\u00e9s\u00e9t \u2013 Az alv\u00e1s hormonja jobban m\u0171k\u00f6dik megfelel\u0151<br \/>\nmagn\u00e9ziumszint mellett.<br \/>\nCs\u00f6kkenti a stresszt \u00e9s a szorong\u00e1st \u2013 El\u0151seg\u00edti a relax\u00e1ci\u00f3t \u00e9s jobb hangulatot biztos\u00edt.<\/p>\n<p>M\u00edg a hagyom\u00e1nyos magn\u00e9zium-oxid gyenge felsz\u00edv\u00f3d\u00e1s\u00fa, a magn\u00e9zium-biszglizin\u00e1t az aminosav, glicin<br \/>\nseg\u00edts\u00e9g\u00e9vel jav\u00edtja a felsz\u00edv\u00f3d\u00e1st, \u00edgy hat\u00e9konyabban hat az idegrendszerre \u00e9s seg\u00edti az ellazul\u00e1st.<\/p>\n<p><strong>Hogyan jav\u00edthatjuk a szund\u00edt\u00e1st term\u00e9szetes m\u00f3don?<\/strong><br \/>\nA magn\u00e9zium-biszglizin\u00e1t szed\u00e9se mellett sz\u00e1mos egy\u00e9b strat\u00e9gia is seg\u00edthet a jobb alv\u00e1sban:<br \/>\nKapcsold ki a k\u00e9perny\u0151ket egy \u00f3r\u00e1val lefekv\u00e9s el\u0151tt \u2013 A telefonok \u00e9s t\u00e9v\u00e9k k\u00e9k f\u00e9nye<br \/>\nmegzavarja a melatonin termel\u00e9s\u00e9t.<br \/>\nAlv\u00e1si rutin kialak\u00edt\u00e1sa \u2013 Menj aludni \u00e9s kelj fel mindig ugyanabban az id\u0151pontban.<br \/>\nP\u00f3told a magn\u00e9ziumot az \u00e9trendedben \u2013 A spen\u00f3t, mandula, t\u00f6kmag \u00e9s a t\u00f6nk\u00f6lyl\u00e9 gazdag<br \/>\nmagn\u00e9ziumban.<br \/>\nRelax\u00e1lj lefekv\u00e9s el\u0151tt \u2013 Meleg f\u00fcrd\u0151, medit\u00e1ci\u00f3 vagy enyhe ny\u00fajt\u00e1s seg\u00edthet.<br \/>\nKer\u00fcld a koffeint \u00e9s alkoholt este \u2013 Mindkett\u0151 zavarja a pihentet\u0151 alv\u00e1st.<\/p>\n<p><strong>Magn\u00e9zium-biszglicin\u00e1t a mi k\u00edn\u00e1latunkban<\/strong><br \/>\nHa olyan magn\u00e9zium-biszglizin\u00e1tot keresel, amely seg\u00edt megszabadulni az \u00e1lmatlans\u00e1gt\u00f3l \u00e9s jav\u00edtja az<br \/>\n\u00e1ltal\u00e1nos eg\u00e9szs\u00e9get, megtal\u00e1lod a k\u00edn\u00e1latunkban. V\u00e1laszd a term\u00e9szetes megold\u00e1sokat, \u00e9s seg\u00edtsd a<br \/>\ntestedet abban, hogy a megfelel\u0151 m\u00f3don pihenjen \u00e9s regener\u00e1l\u00f3djon.<\/p>\n<p><strong>A nyugodt alv\u00e1s kulcsa a megfelel\u0151 \u00e1sv\u00e1nyi anyag<\/strong><br \/>\nHa \u00e1lmatlans\u00e1ggal k\u00fczdesz, lehet, hogy a tested jelez, hogy magn\u00e9ziumra van sz\u00fcks\u00e9ge. A magn\u00e9zium-<br \/>\nbiszglizin\u00e1t egy term\u00e9szetes \u00e9s hat\u00e9kony megold\u00e1s az ellazul\u00e1sra, a stressz cs\u00f6kkent\u00e9s\u00e9re \u00e9s a min\u0151s\u00e9gi<br \/>\nalv\u00e1s jav\u00edt\u00e1s\u00e1ra.<\/p>\n<p>A magn\u00e9zium be\u00e9p\u00edt\u00e9se a napi rutinodba, apr\u00f3 szok\u00e1sbeli v\u00e1ltoztat\u00e1sokkal, v\u00e9gre lehet\u0151v\u00e9 teheti<br \/>\nsz\u00e1modra a nyugodt \u00e9jszak\u00e1kat \u00e9s a f\u00e1radts\u00e1g n\u00e9lk\u00fcli \u00e9bred\u00e9st.<\/p>\n","protected":false},"excerpt":{"rendered":"<p>Sz\u00e1motokra is ismer\u0151s, hogy az \u00e9jszaka k\u00f6zep\u00e9n \u00f3r\u00e1kig forgol\u00f3dtok az \u00e1gyban, mik\u00f6zben a f\u00e1radts\u00e1g egyre csak n\u0151? Az \u00e1lmatlans\u00e1g sokak<\/p>\n","protected":false},"author":809,"featured_media":12053,"comment_status":"open","ping_status":"open","sticky":false,"template":"","format":"standard","meta":{"_acf_changed":false,"footnotes":""},"categories":[370],"tags":[],"class_list":["post-12052","post","type-post","status-publish","format-standard","has-post-thumbnail","hentry","category-blog-hu"],"acf":[],"_links":{"self":[{"href":"https:\/\/eliksirvitalnosti.com\/hu\/wp-json\/wp\/v2\/posts\/12052","targetHints":{"allow":["GET"]}}],"collection":[{"href":"https:\/\/eliksirvitalnosti.com\/hu\/wp-json\/wp\/v2\/posts"}],"about":[{"href":"https:\/\/eliksirvitalnosti.com\/hu\/wp-json\/wp\/v2\/types\/post"}],"author":[{"embeddable":true,"href":"https:\/\/eliksirvitalnosti.com\/hu\/wp-json\/wp\/v2\/users\/809"}],"replies":[{"embeddable":true,"href":"https:\/\/eliksirvitalnosti.com\/hu\/wp-json\/wp\/v2\/comments?post=12052"}],"version-history":[{"count":0,"href":"https:\/\/eliksirvitalnosti.com\/hu\/wp-json\/wp\/v2\/posts\/12052\/revisions"}],"wp:featuredmedia":[{"embeddable":true,"href":"https:\/\/eliksirvitalnosti.com\/hu\/wp-json\/wp\/v2\/media\/12053"}],"wp:attachment":[{"href":"https:\/\/eliksirvitalnosti.com\/hu\/wp-json\/wp\/v2\/media?parent=12052"}],"wp:term":[{"taxonomy":"category","embeddable":true,"href":"https:\/\/eliksirvitalnosti.com\/hu\/wp-json\/wp\/v2\/categories?post=12052"},{"taxonomy":"post_tag","embeddable":true,"href":"https:\/\/eliksirvitalnosti.com\/hu\/wp-json\/wp\/v2\/tags?post=12052"}],"curies":[{"name":"wp","href":"https:\/\/api.w.org\/{rel}","templated":true}]}}