{"id":12382,"date":"2025-04-17T09:15:43","date_gmt":"2025-04-17T09:15:43","guid":{"rendered":"https:\/\/eliksirvitalnosti.com\/?p=12382"},"modified":"2025-04-17T09:21:31","modified_gmt":"2025-04-17T09:21:31","slug":"miert-egyre-gyakoribbak-az-allergiak-az-immunrendszer-tevedesei-es-hogyan-kezelhetjuk-oket-2","status":"publish","type":"post","link":"https:\/\/eliksirvitalnosti.com\/hu\/miert-egyre-gyakoribbak-az-allergiak-az-immunrendszer-tevedesei-es-hogyan-kezelhetjuk-oket-2\/","title":{"rendered":"Mi\u00e9rt Egyre Gyakoribbak az Allergi\u00e1k? Az Immunrendszer T\u00e9ved\u00e9sei \u00e9s Hogyan Kezelhetj\u00fck \u0151ket"},"content":{"rendered":"<p><strong>Mi\u00e9rt szenved egyre t\u00f6bb ember allergi\u00e1t\u00f3l?<\/strong><br \/>\n\u00c9szrevetted, hogy az allergi\u00e1k egyre ink\u00e1bb a mindennapok r\u00e9sz\u00e9v\u00e9 v\u00e1ltak egyre t\u00f6bb ember sz\u00e1m\u00e1ra?<br \/>\nR\u00e9gen csak keveseknek voltak, de ma m\u00e1r szinte lehetetlen olyan embert tal\u00e1lni, aki ne ismerne valakit,<br \/>\naki allergi\u00e1s a pollenre, \u00e9telre, porra, vagy ak\u00e1r a napra! Az allergia val\u00f3j\u00e1ban egy t\u00falzott immunv\u00e1lasz<br \/>\nolyan anyagokra, amelyek egy\u00e9bk\u00e9nt nem vesz\u00e9lyesek, mint p\u00e9ld\u00e1ul a pollen, \u00e9tel vagy \u00e1llati sz\u0151r.<\/p>\n<p><strong>Hogyan t\u00f6rt\u00e9nik az allergi\u00e1s reakci\u00f3?<\/strong><br \/>\nK\u00e9pzeld el, hogy az immunrendszered olyan, mint a test v\u00e9delmi hadserege. Az \u0151 feladata, hogy<br \/>\nmegv\u00e9djen a v\u00edrusokt\u00f3l, bakt\u00e9riumokt\u00f3l \u00e9s m\u00e1s vesz\u00e9lyes t\u00e1mad\u00f3kt\u00f3l. De n\u00e9ha ez a sereg t\u00e9vesen<br \/>\nfelismeri az \u00e1rtalmatlan anyagokat, mint fenyeget\u00e9st, \u00e9s t\u00e1mad\u00e1sba lend\u00fcl! Amikor p\u00e9ld\u00e1ul bel\u00e9legzed a<br \/>\npollent, az immunrendszered \u00fagy reag\u00e1lhat, mintha komoly fert\u0151z\u00e9s lenne.<\/p>\n<p><strong>Mi t\u00f6rt\u00e9nik?<\/strong> A test hisztamint \u00e9s m\u00e1s vegyi anyagokat szabad\u00edt fel, amelyek v\u00f6r\u00f6s\u00f6d\u00e9st, viszket\u00e9st,<br \/>\nduzzanatot, t\u00fcssz\u00f6g\u00e9st, k\u00f6nnyez\u00e9st \u00e9s sok m\u00e1s t\u00fcnetet okozhatnak. Ez a reakci\u00f3 enyhe lehet, de egyes<br \/>\nesetekben komolyabb\u00e1 v\u00e1lhat, mint p\u00e9ld\u00e1ul anafilaxi\u00e1s sokk.<\/p>\n<p><strong>A leggyakoribb allergi\u00e1k:<\/strong><br \/>\n<strong>Szezon\u00e1lis allergi\u00e1k (pollenallergia)<\/strong><br \/>\nHa minden \u00e9vben ugyanabban az id\u0151szakban kezded el t\u00fcssz\u00f6gni, k\u00f6nnyeznek a szemeid \u00e9s folyik az<br \/>\norrod, akkor val\u00f3sz\u00edn\u0171leg pollenallergi\u00e1d van! A n\u00f6v\u00e9nyek pollenje, k\u00fcl\u00f6n\u00f6sen tavasszal \u00e9s ny\u00e1ron, igazi<br \/>\nkih\u00edv\u00e1st jelenthet az immunrendszer sz\u00e1m\u00e1ra.<br \/>\n<strong>\u00c9telallergi\u00e1k<\/strong><br \/>\nEzek az allergi\u00e1k s\u00falyosak is lehetnek, \u00e9s ki\u00fct\u00e9seket, duzzanatot, s\u0151t l\u00e9gz\u00e9si probl\u00e9m\u00e1kat is okozhatnak.<br \/>\nA leggyakoribb allerg\u00e9nek k\u00f6z\u00e9 tartozik a f\u00f6ldimogyor\u00f3, tej, toj\u00e1s, hal, kagyl\u00f3 \u00e9s glut\u00e9n.<br \/>\n<strong>Por- \u00e9s atkaallergi\u00e1k<\/strong><br \/>\nA h\u00e1zi por \u00e9s az abban \u00e9l\u0151 mikroszkopikus atk\u00e1k t\u00fcssz\u00f6g\u00e9st, k\u00f6h\u00f6g\u00e9st \u00e9s szemviszket\u00e9st okozhatnak.<br \/>\n<strong>Allergi\u00e1k az \u00e1llati sz\u0151rre<\/strong><br \/>\nN\u00e9h\u00e1ny ember \u00e9rz\u00e9keny a h\u00e1zi\u00e1llatok ny\u00e1l\u00e1ban \u00e9s b\u0151r\u00e9ben tal\u00e1lhat\u00f3 feh\u00e9rj\u00e9kre, nemcsak a sz\u0151r\u00fckre!<br \/>\n<strong>Kontaktallergi\u00e1k<\/strong><br \/>\nEzek akkor jelentkeznek, amikor a b\u0151r \u00e9rintkezik bizonyos anyagokkal vagy vegyi anyagokkal, p\u00e9ld\u00e1ul a<br \/>\nf\u00e9mekkel (mint a nikkel) az \u00e9kszerekben vagy a parf\u00fcm\u00f6kben.<br \/>\n<strong>Gy\u00f3gyszerallergi\u00e1k<\/strong><br \/>\nEgyes emberek s\u00falyos reakci\u00f3kat v\u00e1lthatnak ki antibiotikumokra, aszpirinre \u00e9s m\u00e1s gy\u00f3gyszerekre, ami<br \/>\nnagyon vesz\u00e9lyes lehet.<\/p>\n<p><strong>Mi\u00e9rt gyakoribbak ma az allergi\u00e1k, mint r\u00e9gen?<\/strong><br \/>\nSz\u00e1mos elm\u00e9let l\u00e9tezik, hogy mi\u00e9rt szenved egyre t\u00f6bb ember allergi\u00e1t\u00f3l. Az egyik leg\u00e9rdekesebb<br \/>\nelm\u00e9let az \u00fagynevezett higi\u00e9niai hipoth\u00e9zis, amely azt \u00e1ll\u00edtja, hogy ma m\u00e1r annyira tiszt\u00e1k vagyunk, hogy<br \/>\naz immunrendszer\u00fcnk nem tal\u00e1l elegend\u0151 &amp;quot;igazi ellens\u00e9get&amp;quot;, akivel harcolhatna, \u00edgy \u00e1rtalmatlan<br \/>\nanyagokat, mint a pollen \u00e9s az \u00e9tel, t\u00e1mad meg!<\/p>\n<p>A m\u00e1sik elm\u00e9let szerint a t\u00falzottan feldolgozott \u00e9s mesters\u00e9ges \u00e9telek megzavarhatj\u00e1k a test<br \/>\negyens\u00faly\u00e1t, \u00e9s el\u0151seg\u00edthetik az allergi\u00e1s reakci\u00f3k kialakul\u00e1s\u00e1t.<\/p>\n<p><strong>Hogyan enyh\u00edthetj\u00fck az allergia t\u00fcneteit?<\/strong><br \/>\n<strong>Megfelel\u0151 t\u00e1pl\u00e1lkoz\u00e1s \u00e9s m\u00e9regtelen\u00edt\u00e9s<\/strong> \u2013 Az antioxid\u00e1nsokban gazdag \u00e9trend seg\u00edthet az<br \/>\nimmunrendszer er\u0151s\u00edt\u00e9s\u00e9ben. A t\u00f6nk\u00f6lyl\u00e9 egy er\u0151s term\u00e9szetes seg\u00edt\u0151, mivel t\u00e1mogatja a<br \/>\nm\u00e9regtelen\u00edt\u00e9st \u00e9s hozz\u00e1j\u00e1rulhat a gyullad\u00e1sok cs\u00f6kkent\u00e9s\u00e9hez.<br \/>\n<strong> T\u00e9r tiszt\u00e1n tart\u00e1sa<\/strong> \u2013 Ha allergi\u00e1s vagy az atk\u00e1kra \u00e9s porra, a porsz\u00edv\u00f3z\u00e1s \u00e9s a por t\u00f6rl\u00e9se<br \/>\nkulcsfontoss\u00e1g\u00fa lehet.<br \/>\n<strong>Term\u00e9szetes antihisztaminok<\/strong> \u2013 A kvercetin (amely a hagym\u00e1ban, alm\u00e1ban \u00e9s citrusf\u00e9l\u00e9kben<br \/>\ntal\u00e1lhat\u00f3), valamint a csal\u00e1n seg\u00edthetnek term\u00e9szetes m\u00f3don cs\u00f6kkenteni az allergia t\u00fcneteit.<br \/>\n<strong>B\u00e9lfl\u00f3ra er\u0151s\u00edt\u00e9se<\/strong> \u2013 Az eg\u00e9szs\u00e9ges em\u00e9szt\u0151rendszer kulcsfontoss\u00e1g\u00fa az allergi\u00e1s reakci\u00f3k<br \/>\ncs\u00f6kkent\u00e9s\u00e9ben. A probiotikumok \u00e9s a ferment\u00e1lt \u00e9telek jav\u00edthatj\u00e1k az immunit\u00e1st \u00e9s n\u00f6velhetik<br \/>\naz allerg\u00e9nekkel szembeni ellen\u00e1ll\u00f3 k\u00e9pess\u00e9get.<\/p>\n<p><strong>Megverhetj\u00fck-e az allergi\u00e1t?<\/strong><br \/>\nB\u00e1r az allergi\u00e1kat teljesen elt\u00fcntetni nem tudjuk, a megfelel\u0151 strat\u00e9gi\u00e1kkal kord\u00e1ban tarthatjuk \u0151ket, \u00e9s<br \/>\njelent\u0151sen jav\u00edthatunk az \u00e9letmin\u0151s\u00e9g\u00fcnk\u00f6n. A kis v\u00e1ltoz\u00e1sok az \u00e9trendben, \u00e9letm\u00f3dban \u00e9s a<br \/>\nk\u00f6rnyezetben nagy k\u00fcl\u00f6nbs\u00e9get jelenthetnek!<\/p>\n<p>Ha term\u00e9szetes t\u00e1mogat\u00e1st szeretn\u00e9l az immunrendszerednek, gondolkodj el a rendszeres<br \/>\nm\u00e9regtelen\u00edt\u00e9sr\u0151l \u00e9s a t\u00f6nk\u00f6lyl\u00e9 be\u00e9p\u00edt\u00e9s\u00e9r\u0151l a napi rutinodba \u2013 a tested h\u00e1l\u00e1s lesz \u00e9rte!<\/p>\n","protected":false},"excerpt":{"rendered":"<p>Mi\u00e9rt szenved egyre t\u00f6bb ember allergi\u00e1t\u00f3l? \u00c9szrevetted, hogy az allergi\u00e1k egyre ink\u00e1bb a mindennapok r\u00e9sz\u00e9v\u00e9 v\u00e1ltak egyre t\u00f6bb ember sz\u00e1m\u00e1ra?<\/p>\n","protected":false},"author":809,"featured_media":12043,"comment_status":"open","ping_status":"open","sticky":false,"template":"","format":"standard","meta":{"_acf_changed":false,"footnotes":""},"categories":[370],"tags":[],"class_list":["post-12382","post","type-post","status-publish","format-standard","has-post-thumbnail","hentry","category-blog-hu"],"acf":[],"_links":{"self":[{"href":"https:\/\/eliksirvitalnosti.com\/hu\/wp-json\/wp\/v2\/posts\/12382","targetHints":{"allow":["GET"]}}],"collection":[{"href":"https:\/\/eliksirvitalnosti.com\/hu\/wp-json\/wp\/v2\/posts"}],"about":[{"href":"https:\/\/eliksirvitalnosti.com\/hu\/wp-json\/wp\/v2\/types\/post"}],"author":[{"embeddable":true,"href":"https:\/\/eliksirvitalnosti.com\/hu\/wp-json\/wp\/v2\/users\/809"}],"replies":[{"embeddable":true,"href":"https:\/\/eliksirvitalnosti.com\/hu\/wp-json\/wp\/v2\/comments?post=12382"}],"version-history":[{"count":0,"href":"https:\/\/eliksirvitalnosti.com\/hu\/wp-json\/wp\/v2\/posts\/12382\/revisions"}],"wp:featuredmedia":[{"embeddable":true,"href":"https:\/\/eliksirvitalnosti.com\/hu\/wp-json\/wp\/v2\/media\/12043"}],"wp:attachment":[{"href":"https:\/\/eliksirvitalnosti.com\/hu\/wp-json\/wp\/v2\/media?parent=12382"}],"wp:term":[{"taxonomy":"category","embeddable":true,"href":"https:\/\/eliksirvitalnosti.com\/hu\/wp-json\/wp\/v2\/categories?post=12382"},{"taxonomy":"post_tag","embeddable":true,"href":"https:\/\/eliksirvitalnosti.com\/hu\/wp-json\/wp\/v2\/tags?post=12382"}],"curies":[{"name":"wp","href":"https:\/\/api.w.org\/{rel}","templated":true}]}}