{"id":13142,"date":"2025-05-03T09:47:18","date_gmt":"2025-05-03T09:47:18","guid":{"rendered":"https:\/\/eliksirvitalnosti.com\/?p=13142"},"modified":"2025-05-03T09:54:05","modified_gmt":"2025-05-03T09:54:05","slug":"tavaszi-faradtsag-vagy-tapanyaghiany","status":"publish","type":"post","link":"https:\/\/eliksirvitalnosti.com\/hu\/tavaszi-faradtsag-vagy-tapanyaghiany\/","title":{"rendered":"Tavaszi f\u00e1radts\u00e1g vagy t\u00e1panyaghi\u00e1ny?"},"content":{"rendered":"<p><strong>\u00cdgy ismerd fel a k\u00fcl\u00f6nbs\u00e9get:<\/strong><\/p>\n<p>Ahogy bek\u00f6sz\u00f6nt a tavasz, sokan v\u00e1rjuk az energi\u00e1t \u00e9s meg\u00fajul\u00e1st \u2013 m\u00e9gis gyakori, hogy pont ekkor<br \/>\n\u00e9rezz\u00fck magunkat f\u00e1radtnak, kedvtelennek vagy kimer\u00fcltnek. Ilyenkor felmer\u00fcl a k\u00e9rd\u00e9s: vajon ez csak<br \/>\ntavaszi f\u00e1radts\u00e1g, vagy valamilyen t\u00e1panyaghi\u00e1ny \u00e1ll a h\u00e1tt\u00e9rben?<\/p>\n<p><strong>Mi az a tavaszi f\u00e1radts\u00e1g?<\/strong><\/p>\n<p>A tavaszi f\u00e1radts\u00e1g egy term\u00e9szetes, \u00e1tmeneti \u00e1llapot, ami f\u0151k\u00e9nt t\u00e9l v\u00e9g\u00e9n jelentkezik. A kev\u00e9s napf\u00e9ny,<br \/>\nmozg\u00e1shi\u00e1ny, vitaminban szeg\u00e9nyebb \u00e9tkez\u00e9s mind hozz\u00e1j\u00e1rulhat ehhez.<\/p>\n<p><strong>Jellemz\u0151 t\u00fcnetek:<\/strong><\/p>\n<p>\u2013 \u00c1lmoss\u00e1g, energiahi\u00e1ny<br \/>\n\u2013 Leverts\u00e9g, kedvtelens\u00e9g<br \/>\n\u2013 Koncentr\u00e1ci\u00f3zavar, hangulatingadoz\u00e1s<\/p>\n<p>A j\u00f3 h\u00edr az, hogy ha val\u00f3ban csak err\u0151l van sz\u00f3, a szervezet n\u00e9h\u00e1ny h\u00e9ten bel\u00fcl mag\u00e1t\u00f3l is regener\u00e1l\u00f3dik \u2013<br \/>\nf\u0151leg ha jobban odafigyel\u00fcnk az \u00e9tkez\u00e9sre, mozg\u00e1sra \u00e9s pihen\u00e9sre.<\/p>\n<p><strong>Mikor gondolj t\u00e1panyaghi\u00e1nyra?<\/strong><\/p>\n<p>Ha a f\u00e1radts\u00e1g nem m\u00falik, vagy s\u00falyosbodik, \u00e9rdemes elgondolkodni azon, hogy a szervezetednek<br \/>\nvalamilyen vitaminra vagy \u00e1sv\u00e1nyi anyagra lenne sz\u00fcks\u00e9ge.<\/p>\n<p><strong>Gyakori hi\u00e1ny\u00e1llapotok tavasszal:<\/strong><\/p>\n<p>\u2013 D-vitamin (kev\u00e9s napf\u00e9ny miatt)<br \/>\n\u2013 B12-vitamin (f\u00e1radts\u00e1g, idegrendszeri t\u00fcnetek)<br \/>\n\u2013 Vas (gyakori n\u0151kn\u00e9l, v\u00e9rszeg\u00e9nys\u00e9ghez vezethet)<br \/>\n\u2013 Magn\u00e9zium (stressz, izomg\u00f6rcs\u00f6k eset\u00e9n)<br \/>\n\u2013 Cink, szel\u00e9n, C-vitamin (gyeng\u00fclt immunrendszer jelei)<\/p>\n<p><strong>Hogyan k\u00fcl\u00f6nb\u00f6ztesd meg?<\/strong><\/p>\n<p>Ha a f\u00e1radts\u00e1g tart\u00f3s, napokig vagy hetekig nem javul, esetleg m\u00e1s t\u00fcnetek is t\u00e1rsulnak hozz\u00e1 (pl.<br \/>\nhajhull\u00e1s, gyullad\u00e1sok, em\u00e9szt\u00e9si gondok), akkor val\u00f3sz\u00edn\u0171bb, hogy t\u00e1panyaghi\u00e1nyr\u00f3l van sz\u00f3.<\/p>\n<p><strong>Mit tehetsz?<\/strong><\/p>\n<p>\u2013 Egy\u00e9l t\u00f6bb z\u00f6lds\u00e9get, gy\u00fcm\u00f6lcs\u00f6t, rostban gazdag \u00e9teleket<br \/>\n\u2013 Igy\u00e1l elegend\u0151 vizet naponta<br \/>\n\u2013 Mozogj rendszeresen a friss leveg\u0151n<br \/>\n\u2013 Pihenj t\u00f6bbet, figyelj a min\u0151s\u00e9gi alv\u00e1sra<br \/>\n\u2013 T\u00f6ltsd fel a vitaminrakt\u00e1raidat \u2013 term\u00e9szetes form\u00e1ban<\/p>\n<p><strong>Seg\u00edts\u00e9g a term\u00e9szetb\u0151l<\/strong><\/p>\n<p>A z\u00f6ld n\u00f6v\u00e9nyi kivonatok, p\u00e9ld\u00e1ul a b\u00fazaf\u0171l\u00e9, vagy \u00e1rpaf\u0171 kiv\u00e1l\u00f3an t\u00e1mogatj\u00e1k a m\u00e1j m\u0171k\u00f6d\u00e9s\u00e9t, seg\u00edtik<br \/>\na m\u00e9regtelen\u00edt\u00e9st, \u00e9s hozz\u00e1j\u00e1rulnak az energiaszint helyre\u00e1ll\u00edt\u00e1s\u00e1hoz.<\/p>\n<p><strong>\u00d6sszegz\u00e9s:<\/strong> A tavaszi f\u00e1radts\u00e1g term\u00e9szetes, de ha t\u00fal sok\u00e1ig tart vagy romlik az \u00e1llapotod, lehet, hogy<br \/>\nt\u00e1panyaghi\u00e1ny \u00e1ll a h\u00e1tt\u00e9rben. Figyelj a tested jelz\u00e9seire, \u00e9s t\u00e1mogasd magad tudatosan \u2013 az egyens\u00faly<br \/>\nnem j\u00f6n mag\u00e1t\u00f3l, de megteremthet\u0151.<\/p>\n","protected":false},"excerpt":{"rendered":"<p>\u00cdgy ismerd fel a k\u00fcl\u00f6nbs\u00e9get: Ahogy bek\u00f6sz\u00f6nt a tavasz, sokan v\u00e1rjuk az energi\u00e1t \u00e9s meg\u00fajul\u00e1st \u2013 m\u00e9gis gyakori, hogy pont<\/p>\n","protected":false},"author":809,"featured_media":13143,"comment_status":"open","ping_status":"open","sticky":false,"template":"","format":"standard","meta":{"_acf_changed":false,"footnotes":""},"categories":[370],"tags":[],"class_list":["post-13142","post","type-post","status-publish","format-standard","has-post-thumbnail","hentry","category-blog-hu"],"acf":[],"_links":{"self":[{"href":"https:\/\/eliksirvitalnosti.com\/hu\/wp-json\/wp\/v2\/posts\/13142","targetHints":{"allow":["GET"]}}],"collection":[{"href":"https:\/\/eliksirvitalnosti.com\/hu\/wp-json\/wp\/v2\/posts"}],"about":[{"href":"https:\/\/eliksirvitalnosti.com\/hu\/wp-json\/wp\/v2\/types\/post"}],"author":[{"embeddable":true,"href":"https:\/\/eliksirvitalnosti.com\/hu\/wp-json\/wp\/v2\/users\/809"}],"replies":[{"embeddable":true,"href":"https:\/\/eliksirvitalnosti.com\/hu\/wp-json\/wp\/v2\/comments?post=13142"}],"version-history":[{"count":0,"href":"https:\/\/eliksirvitalnosti.com\/hu\/wp-json\/wp\/v2\/posts\/13142\/revisions"}],"wp:featuredmedia":[{"embeddable":true,"href":"https:\/\/eliksirvitalnosti.com\/hu\/wp-json\/wp\/v2\/media\/13143"}],"wp:attachment":[{"href":"https:\/\/eliksirvitalnosti.com\/hu\/wp-json\/wp\/v2\/media?parent=13142"}],"wp:term":[{"taxonomy":"category","embeddable":true,"href":"https:\/\/eliksirvitalnosti.com\/hu\/wp-json\/wp\/v2\/categories?post=13142"},{"taxonomy":"post_tag","embeddable":true,"href":"https:\/\/eliksirvitalnosti.com\/hu\/wp-json\/wp\/v2\/tags?post=13142"}],"curies":[{"name":"wp","href":"https:\/\/api.w.org\/{rel}","templated":true}]}}