{"id":20685,"date":"2025-05-08T11:25:06","date_gmt":"2025-05-08T11:25:06","guid":{"rendered":"https:\/\/eliksirvitalnosti.com\/hogyan-kulonboztessuk-meg-az-allergiat-a-megfazast-es-az-intoleranciat\/"},"modified":"2025-05-08T11:25:06","modified_gmt":"2025-05-08T11:25:06","slug":"hogyan-kulonboztessuk-meg-az-allergiat-a-megfazast-es-az-intoleranciat","status":"publish","type":"post","link":"https:\/\/eliksirvitalnosti.com\/hu\/hogyan-kulonboztessuk-meg-az-allergiat-a-megfazast-es-az-intoleranciat\/","title":{"rendered":"Hogyan k\u00fcl\u00f6nb\u00f6ztess\u00fck meg az allergi\u00e1t, a megf\u00e1z\u00e1st \u00e9s az intoleranci\u00e1t?"},"content":{"rendered":"<p><span style=\"font-weight: 400;\">T\u00fcssz\u00f6g\u00e9s, orrdugul\u00e1s, f\u00e1radts\u00e1g, viszket\u00e9s, puffad\u00e1s, k\u00f6h\u00f6g\u00e9s&#8230; Ezek mind olyan t\u00fcnetek, amelyeket sokan tapasztalunk, de nem mindig vagyunk biztosak abban, hogy pontosan mi okozza \u0151ket.  <\/span><\/p>\n<p><span style=\"font-weight: 400;\">Allergia? Vagy megf\u00e1z\u00e1s? Vagy valamilyen \u00e9telallergia? A k\u00fcl\u00f6nbs\u00e9g felismer\u00e9se kulcsfontoss\u00e1g\u00fa a megfelel\u0151 reakci\u00f3hoz \u00e9s a test gyorsabb regener\u00e1l\u00f3d\u00e1s\u00e1hoz.   <\/span><\/p>\n<p><b> ALLERGIA:<\/b><\/p>\n<p><span style=\"font-weight: 400;\">Mi ez? Az immunrendszer t\u00falzott reakci\u00f3ja egy\u00e9bk\u00e9nt \u00e1rtalmatlan anyagokra (pl. pollen, por, \u00e9lelmiszer). <\/span><\/p>\n<p><b>T\u00fcnetek:<\/b><\/p>\n<p><span style=\"font-weight: 400;\">-t\u00fcssz\u00f6g\u00e9s, orrviszket\u00e9s<\/span><\/p>\n<p><span style=\"font-weight: 400;\">-szempirosod\u00e1s, k\u00f6nnyez\u00e9s<\/span><\/p>\n<p><span style=\"font-weight: 400;\">-b\u0151rviszket\u00e9s, ki\u00fct\u00e9s<\/span><\/p>\n<p><span style=\"font-weight: 400;\">-neh\u00e9zl\u00e9gz\u00e9s (er\u0151sebb reakci\u00f3 eset\u00e9n)<\/span><\/p>\n<p><b>Mikor jelentkezik?<\/b><\/p>\n<p><span style=\"font-weight: 400;\">-szezon\u00e1lisan (pl. pollen), eg\u00e9sz \u00e9vben (atk\u00e1k, h\u00e1zi por)<\/span><\/p>\n<p><b>Hogyan ismerhet\u0151 fel?<\/b><\/p>\n<p><span style=\"font-weight: 400;\">-a t\u00fcnetek hirtelen jelentkeznek<\/span><\/p>\n<p><span style=\"font-weight: 400;\">-nincs l\u00e1z<\/span><\/p>\n<p><span style=\"font-weight: 400;\">-napokig vagy hetekig tarthat v\u00e1ltozatlanul<\/span><\/p>\n<p><b> MEGF\u00c1Z\u00c1S:<\/b><\/p>\n<p><span style=\"font-weight: 400;\">Mi ez? A fels\u0151 l\u00e9g\u00fati traktus v\u00edrusos fert\u0151z\u00e9se. <\/span><\/p>\n<p><b>T\u00fcnetek:<\/b><\/p>\n<p><span style=\"font-weight: 400;\">-orrdugul\u00e1s, orrfoly\u00e1s<\/span><\/p>\n<p><span style=\"font-weight: 400;\">-enyhe l\u00e1z<\/span><\/p>\n<p><span style=\"font-weight: 400;\">-f\u00e1radts\u00e1g, gyenges\u00e9g<\/span><\/p>\n<p><span style=\"font-weight: 400;\">-k\u00f6h\u00f6g\u00e9s, torokf\u00e1j\u00e1s<\/span><\/p>\n<p><b>Mikor jelentkezik?<\/b><\/p>\n<p><span style=\"font-weight: 400;\">-f\u0151leg a hidegebb h\u00f3napokban<\/span><\/p>\n<p><b>Hogyan ismerhet\u0151 fel?<\/b><\/p>\n<p><span style=\"font-weight: 400;\">-a t\u00fcnetek fokozatosan alakulnak ki<\/span><\/p>\n<p><span style=\"font-weight: 400;\">-5-7 napig tarthat<\/span><\/p>\n<p><span style=\"font-weight: 400;\">-gyakori a l\u00e1z \u00e9s a testf\u00e1jdalom<\/span><\/p>\n<p><b>INTOLERANCIA:<\/b><\/p>\n<p><span style=\"font-weight: 400;\">Mi ez? A test helytelen reakci\u00f3ja bizonyos \u00e9lelmiszer-\u00f6sszetev\u0151kre, de az immunrendszer r\u00e9szv\u00e9tele n\u00e9lk\u00fcl (az allergi\u00e1val ellent\u00e9tben). <\/span><\/p>\n<p><b>T\u00fcnetek:<\/b><\/p>\n<p><b>\u2013<\/b><span style=\"font-weight: 400;\">puffad\u00e1s, g\u00e1zk\u00e9pz\u0151d\u00e9s<\/span><\/p>\n<p><span style=\"font-weight: 400;\">-g\u00f6rcs\u00f6k, hasmen\u00e9s<\/span><\/p>\n<p><span style=\"font-weight: 400;\">-fejf\u00e1j\u00e1s, f\u00e1radts\u00e1g<\/span><\/p>\n<p><span style=\"font-weight: 400;\">-b\u0151rreakci\u00f3k (ritk\u00e1bban)<\/span><\/p>\n<p><b>Mikor jelentkezik?<\/b><\/p>\n<p><span style=\"font-weight: 400;\">-bizonyos \u00e9telek fogyaszt\u00e1sa ut\u00e1n (pl. tej, glut\u00e9n, adal\u00e9kanyagok)<\/span><\/p>\n<p><b>Hogyan ismerhet\u0151 fel?<\/b><\/p>\n<p><span style=\"font-weight: 400;\">-a t\u00fcnetek nem azonnal jelentkeznek, n\u00e9h\u00e1ny \u00f3r\u00e1val az \u00e9tkez\u00e9s ut\u00e1n<\/span><\/p>\n<p><span style=\"font-weight: 400;\">-f\u00fcggnek az elfogyasztott \u00e9tel mennyis\u00e9g\u00e9t\u0151l<\/span><\/p>\n<p><span style=\"font-weight: 400;\">-gyakran elm\u00falnak, ha a probl\u00e9m\u00e1s \u00e9telt kihagyjuk<\/span><\/p>\n<p><b>Hogyan seg\u00edthet mag\u00e1n?<\/b><\/p>\n<p><span style=\"font-weight: 400;\">-Vezessen t\u00fcnetnapl\u00f3 (mikor, hol, mi ut\u00e1n jelentkeznek)<\/span><\/p>\n<p><span style=\"font-weight: 400;\">-Er\u0151s\u00edtse immunrendszer\u00e9t term\u00e9szetes \u00faton (t\u00e1pl\u00e1lkoz\u00e1s, alv\u00e1s, fizikai aktivit\u00e1s)<\/span><\/p>\n<p><span style=\"font-weight: 400;\">-Fontolja meg a t\u00f6nk\u00f6lyb\u00faz\u00e1b\u00f3l k\u00e9sz\u00fclt z\u00f6ld l\u00e9 bevezet\u00e9s\u00e9t a napi rutinj\u00e1ba \u2013 mivel amit esz\u00fcnk, enyh\u00edtheti vagy er\u0151s\u00edtheti a t\u00fcneteket<\/span><\/p>\n<p><span style=\"font-weight: 400;\">-Konzult\u00e1ljon szakemberrel, ha allergi\u00e1ra vagy intoleranci\u00e1ra gyanakszik<\/span><\/p>\n<p><span style=\"font-weight: 400;\">Az eg\u00e9szs\u00e9g a test \u00fczeneteinek meg\u00e9rt\u00e9s\u00e9vel kezd\u0151dik. A helyes felismer\u00e9s az els\u0151 l\u00e9p\u00e9s a megk\u00f6nnyebb\u00fcl\u00e9s fel\u00e9! <\/span><\/p>\n","protected":false},"excerpt":{"rendered":"<p>T\u00fcssz\u00f6g\u00e9s, orrdugul\u00e1s, f\u00e1radts\u00e1g, viszket\u00e9s, puffad\u00e1s, k\u00f6h\u00f6g\u00e9s&#8230; Ezek mind olyan t\u00fcnetek, amelyeket sokan tapasztalunk, de nem mindig vagyunk biztosak abban, hogy<\/p>\n","protected":false},"author":809,"featured_media":13280,"comment_status":"open","ping_status":"open","sticky":false,"template":"","format":"standard","meta":{"_acf_changed":false,"footnotes":""},"categories":[370],"tags":[528,523,529,527,532,531,530,522],"class_list":["post-20685","post","type-post","status-publish","format-standard","has-post-thumbnail","hentry","category-blog-hu","tag-allergenek","tag-allergiak","tag-immunerosites","tag-immunitas","tag-megfazas","tag-nehezlegzes","tag-tonkolybuza","tag-tonkolyle"],"acf":[],"_links":{"self":[{"href":"https:\/\/eliksirvitalnosti.com\/hu\/wp-json\/wp\/v2\/posts\/20685","targetHints":{"allow":["GET"]}}],"collection":[{"href":"https:\/\/eliksirvitalnosti.com\/hu\/wp-json\/wp\/v2\/posts"}],"about":[{"href":"https:\/\/eliksirvitalnosti.com\/hu\/wp-json\/wp\/v2\/types\/post"}],"author":[{"embeddable":true,"href":"https:\/\/eliksirvitalnosti.com\/hu\/wp-json\/wp\/v2\/users\/809"}],"replies":[{"embeddable":true,"href":"https:\/\/eliksirvitalnosti.com\/hu\/wp-json\/wp\/v2\/comments?post=20685"}],"version-history":[{"count":0,"href":"https:\/\/eliksirvitalnosti.com\/hu\/wp-json\/wp\/v2\/posts\/20685\/revisions"}],"wp:featuredmedia":[{"embeddable":true,"href":"https:\/\/eliksirvitalnosti.com\/hu\/wp-json\/wp\/v2\/media\/13280"}],"wp:attachment":[{"href":"https:\/\/eliksirvitalnosti.com\/hu\/wp-json\/wp\/v2\/media?parent=20685"}],"wp:term":[{"taxonomy":"category","embeddable":true,"href":"https:\/\/eliksirvitalnosti.com\/hu\/wp-json\/wp\/v2\/categories?post=20685"},{"taxonomy":"post_tag","embeddable":true,"href":"https:\/\/eliksirvitalnosti.com\/hu\/wp-json\/wp\/v2\/tags?post=20685"}],"curies":[{"name":"wp","href":"https:\/\/api.w.org\/{rel}","templated":true}]}}