{"id":20694,"date":"2025-07-17T08:19:15","date_gmt":"2025-07-17T08:19:15","guid":{"rendered":"https:\/\/eliksirvitalnosti.com\/hogyan-segit-a-kapor-leve-a-vercukorszint-szabalyozasaban\/"},"modified":"2025-07-17T08:19:15","modified_gmt":"2025-07-17T08:19:15","slug":"hogyan-segit-a-kapor-leve-a-vercukorszint-szabalyozasaban","status":"publish","type":"post","link":"https:\/\/eliksirvitalnosti.com\/hu\/hogyan-segit-a-kapor-leve-a-vercukorszint-szabalyozasaban\/","title":{"rendered":"Hogyan seg\u00edt a kapor leve a v\u00e9rcukorszint szab\u00e1lyoz\u00e1s\u00e1ban?"},"content":{"rendered":"<p><span style=\"font-weight: 400;\">A kapor nemcsak egy f\u0171szer, amely jellegzetes arom\u00e1j\u00e1val gazdag\u00edtja \u00e9teleink \u00edz\u00e9t, hanem egy er\u0151teljes n\u00f6v\u00e9ny jelent\u0151s eg\u00e9szs\u00e9g\u00fcgyi el\u0151ny\u00f6kkel. A kapor egyik leg\u00e9rdekesebb tulajdons\u00e1ga, amelyet sz\u00e1mos tudom\u00e1nyos kutat\u00e1s is meger\u0151s\u00edtett, a v\u00e9rcukorszint szab\u00e1lyoz\u00e1s\u00e1ra gyakorolt pozit\u00edv hat\u00e1sa. <\/span><\/p>\n<p><b>Mi\u00e9rt \u00e9ppen a kapor?<\/b><\/p>\n<p><span style=\"font-weight: 400;\">A kaporl\u00e9 az akt\u00edv \u00f6sszetev\u0151k term\u00e9szetes koncentr\u00e1tuma, bele\u00e9rtve az esszenci\u00e1lis olajokat, flavonoidokat \u00e9s antioxid\u00e1nsokat. K\u00fcl\u00f6n\u00f6sen kiemelked\u0151 a karvon, egy term\u00e9szetes vegy\u00fclet, amely kiv\u00e9teles potenci\u00e1llal rendelkezik a v\u00e9rcukorszint stabiliz\u00e1l\u00e1s\u00e1ban. <\/span><\/p>\n<p><b>Tudom\u00e1nyos bizony\u00edt\u00e9kok \u00e9s kutat\u00e1sok<\/b><\/p>\n<p><span style=\"font-weight: 400;\">T\u00f6bb tanulm\u00e1ny is arra utal, hogy a kapor rendszeres fogyaszt\u00e1sa jav\u00edthatja a sejtek inzulin\u00e9rz\u00e9kenys\u00e9g\u00e9t. Mit jelent ez? Egyszer\u0171en fogalmazva, a test hat\u00e9konyabban haszn\u00e1lja fel az inzulint, ami jobb v\u00e9rcukorszint-szab\u00e1lyoz\u00e1shoz vezet. Ez a hat\u00e1s k\u00fcl\u00f6n\u00f6sen fontos a prediab\u00e9teszben vagy 2-es t\u00edpus\u00fa cukorbetegs\u00e9gben szenved\u0151k sz\u00e1m\u00e1ra.   <\/span><\/p>\n<p><span style=\"font-weight: 400;\">Ezen fel\u00fcl a kaporban tal\u00e1lhat\u00f3 antioxid\u00e1nsok, mint p\u00e9ld\u00e1ul a flavonoidok, v\u00e9dik a hasny\u00e1lmirigy sejtjeit \u2013 az inzulint termel\u0151 szervet \u2013 az oxidat\u00edv stressz okozta k\u00e1rosod\u00e1st\u00f3l. Ez\u00e1ltal a kapor k\u00f6zvetlen\u00fcl t\u00e1mogatja a hasny\u00e1lmirigy eg\u00e9szs\u00e9g\u00e9t, amely kulcsfontoss\u00e1g\u00fa szerv a v\u00e9rcukorszint szab\u00e1lyoz\u00e1s\u00e1ban. <\/span><\/p>\n<p><b>Tov\u00e1bbi tan\u00e1csok a v\u00e9rcukorszint szab\u00e1lyoz\u00e1s\u00e1hoz<\/b><\/p>\n<p><span style=\"font-weight: 400;\">A kaporl\u00e9 fogyaszt\u00e1sa mellett az optim\u00e1lis v\u00e9rcukorszint-szab\u00e1lyoz\u00e1shoz a k\u00f6vetkez\u0151ket aj\u00e1nljuk:<\/span><\/p>\n<p><span style=\"font-weight: 400;\">-A cukor \u00e9s finom\u00edtott sz\u00e9nhidr\u00e1tok bevitel\u00e9nek korl\u00e1toz\u00e1sa<\/span><\/p>\n<p><span style=\"font-weight: 400;\">-Rendszeres testmozg\u00e1s<\/span><\/p>\n<p><span style=\"font-weight: 400;\">-Rostban gazdag \u00e9telek fogyaszt\u00e1sa<\/span><\/p>\n<p><span style=\"font-weight: 400;\">A term\u00e9szet kiv\u00e1l\u00f3 sz\u00f6vets\u00e9geseket ny\u00fajt az eg\u00e9szs\u00e9g\u00fcnk meg\u0151rz\u00e9s\u00e9hez. A <a href=\"https:\/\/eliksirvitalnosti.com\/proizvod\/zeleni-sok-od-mirodije\/\">kaporl\u00e9<\/a> kiemelkedik mint term\u00e9szetes, hat\u00e9kony \u00e9s \u00edzletes m\u00f3dja a v\u00e9rcukorszint szab\u00e1lyoz\u00e1s\u00e1nak t\u00e1mogat\u00e1s\u00e1ra. Ennek az egyszer\u0171 italnak a mindennapi rutinba val\u00f3 be\u00e9p\u00edt\u00e9s\u00e9vel fontos l\u00e9p\u00e9st tehet a jobb eg\u00e9szs\u00e9g \u00e9s a min\u0151s\u00e9gibb \u00e9let fel\u00e9. <\/span><\/p>\n<p><br style=\"font-weight: 400;\"><br style=\"font-weight: 400;\"><\/p>\n","protected":false},"excerpt":{"rendered":"<p>A kapor nemcsak egy f\u0171szer, amely jellegzetes arom\u00e1j\u00e1val gazdag\u00edtja \u00e9teleink \u00edz\u00e9t, hanem egy er\u0151teljes n\u00f6v\u00e9ny jelent\u0151s eg\u00e9szs\u00e9g\u00fcgyi el\u0151ny\u00f6kkel. A kapor<\/p>\n","protected":false},"author":809,"featured_media":16528,"comment_status":"open","ping_status":"open","sticky":false,"template":"","format":"standard","meta":{"_acf_changed":false,"footnotes":""},"categories":[370],"tags":[534,537,535,566,536],"class_list":["post-20694","post","type-post","status-publish","format-standard","has-post-thumbnail","hentry","category-blog-hu","tag-cukorbetegseg","tag-inzulin","tag-kaporle","tag-vercukor","tag-vercukorszint"],"acf":[],"_links":{"self":[{"href":"https:\/\/eliksirvitalnosti.com\/hu\/wp-json\/wp\/v2\/posts\/20694","targetHints":{"allow":["GET"]}}],"collection":[{"href":"https:\/\/eliksirvitalnosti.com\/hu\/wp-json\/wp\/v2\/posts"}],"about":[{"href":"https:\/\/eliksirvitalnosti.com\/hu\/wp-json\/wp\/v2\/types\/post"}],"author":[{"embeddable":true,"href":"https:\/\/eliksirvitalnosti.com\/hu\/wp-json\/wp\/v2\/users\/809"}],"replies":[{"embeddable":true,"href":"https:\/\/eliksirvitalnosti.com\/hu\/wp-json\/wp\/v2\/comments?post=20694"}],"version-history":[{"count":0,"href":"https:\/\/eliksirvitalnosti.com\/hu\/wp-json\/wp\/v2\/posts\/20694\/revisions"}],"wp:featuredmedia":[{"embeddable":true,"href":"https:\/\/eliksirvitalnosti.com\/hu\/wp-json\/wp\/v2\/media\/16528"}],"wp:attachment":[{"href":"https:\/\/eliksirvitalnosti.com\/hu\/wp-json\/wp\/v2\/media?parent=20694"}],"wp:term":[{"taxonomy":"category","embeddable":true,"href":"https:\/\/eliksirvitalnosti.com\/hu\/wp-json\/wp\/v2\/categories?post=20694"},{"taxonomy":"post_tag","embeddable":true,"href":"https:\/\/eliksirvitalnosti.com\/hu\/wp-json\/wp\/v2\/tags?post=20694"}],"curies":[{"name":"wp","href":"https:\/\/api.w.org\/{rel}","templated":true}]}}