{"id":20699,"date":"2025-06-26T06:54:12","date_gmt":"2025-06-26T06:54:12","guid":{"rendered":"https:\/\/eliksirvitalnosti.com\/az-autoimmun-betegsegek-es-a-taplalkozas-kozotti-kapcsolat-mit-keruljunk-es-mit-fogyasszunk\/"},"modified":"2025-06-26T06:54:12","modified_gmt":"2025-06-26T06:54:12","slug":"az-autoimmun-betegsegek-es-a-taplalkozas-kozotti-kapcsolat-mit-keruljunk-es-mit-fogyasszunk","status":"publish","type":"post","link":"https:\/\/eliksirvitalnosti.com\/hu\/az-autoimmun-betegsegek-es-a-taplalkozas-kozotti-kapcsolat-mit-keruljunk-es-mit-fogyasszunk\/","title":{"rendered":"Az autoimmun betegs\u00e9gek \u00e9s a t\u00e1pl\u00e1lkoz\u00e1s k\u00f6z\u00f6tti kapcsolat: mit ker\u00fclj\u00fcnk, \u00e9s mit fogyasszunk"},"content":{"rendered":"<p><span style=\"font-weight: 400;\">Az autoimmun betegs\u00e9gek egyre gyakoribb eg\u00e9szs\u00e9g\u00fcgyi probl\u00e9m\u00e1t jelentenek vil\u00e1gszerte. Ezekn\u00e9l a rendelleness\u00e9gekn\u00e9l az immunrendszer t\u00e9vesen t\u00e1madja meg a saj\u00e1t sejteket, ami gyullad\u00e1shoz \u00e9s sz\u00f6vetk\u00e1rosod\u00e1shoz vezet. A t\u00e1pl\u00e1lkoz\u00e1s kulcsszerepet j\u00e1tszik a t\u00fcnetek kezel\u00e9s\u00e9ben \u00e9s a gyullad\u00e1sos folyamatok cs\u00f6kkent\u00e9s\u00e9ben, ez\u00e9rt fontos tudni, mely \u00e9lelmiszereket kell ker\u00fclni, \u00e9s melyeket fogyasztani az eg\u00e9szs\u00e9g jav\u00edt\u00e1sa \u00e9rdek\u00e9ben.  <\/span><\/p>\n<p><b>Hogyan befoly\u00e1solja a t\u00e1pl\u00e1lkoz\u00e1s az autoimmun betegs\u00e9geket?<\/b><\/p>\n<p><span style=\"font-weight: 400;\">A t\u00e1pl\u00e1lkoz\u00e1s befoly\u00e1solhatja a gyullad\u00e1sos folyamatokat \u00e9s az immunv\u00e1laszt a szervezetben. Bizonyos \u00e9lelmiszerek s\u00falyosb\u00edthatj\u00e1k a t\u00fcneteket, m\u00edg m\u00e1sok seg\u00edtenek a gyullad\u00e1s cs\u00f6kkent\u00e9s\u00e9ben \u00e9s az immunrendszer er\u0151s\u00edt\u00e9s\u00e9ben. A megfelel\u0151en kiv\u00e1lasztott \u00e9telek jav\u00edthatj\u00e1k az autoimmun betegs\u00e9gekkel \u00e9l\u0151k \u00e9letmin\u0151s\u00e9g\u00e9t.  <\/span><\/p>\n<p><b><br \/>\nKer\u00fclend\u0151 \u00e9lelmiszerek:<\/b><\/p>\n<ol>\n<li><span style=\"font-weight: 400;\"> Feldolgozott \u00e9lelmiszerek \u00e9s cukrok<\/span><\/li>\n<\/ol>\n<p><span style=\"font-weight: 400;\">A finom\u00edtott cukrok \u00e9s feldolgozott \u00e9lelmiszerek magas bevitele n\u00f6veli a gyullad\u00e1st \u00e9s s\u00falyosb\u00edthatja a t\u00fcneteket.<\/span><\/p>\n<ol start=\"2\">\n<li><span style=\"font-weight: 400;\"> Glut\u00e9n<\/span><\/li>\n<\/ol>\n<p><span style=\"font-weight: 400;\">A c\u00f6li\u00e1ki\u00e1ban vagy glut\u00e9n\u00e9rz\u00e9kenys\u00e9gben szenved\u0151kn\u00e9l ez a feh\u00e9rje gyullad\u00e1sos reakci\u00f3kat v\u00e1lthat ki.<\/span><\/p>\n<ol start=\"3\">\n<li><span style=\"font-weight: 400;\"> Tejterm\u00e9kek<\/span><\/li>\n<\/ol>\n<p><span style=\"font-weight: 400;\">N\u00e9h\u00e1ny autoimmun betegs\u00e9gben szenved\u0151 embernek probl\u00e9m\u00e1i vannak a tejterm\u00e9kek em\u00e9szt\u00e9s\u00e9vel, ami n\u00f6velheti a gyullad\u00e1st.<\/span><\/p>\n<ol start=\"4\">\n<li><span style=\"font-weight: 400;\"> Transzzs\u00edrok \u00e9s tel\u00edtett zs\u00edrok<\/span><\/li>\n<\/ol>\n<p><span style=\"font-weight: 400;\">Ezek az eg\u00e9szs\u00e9gtelen zs\u00edrok hozz\u00e1j\u00e1rulnak a gyullad\u00e1shoz, \u00e9s ker\u00fclni kell \u0151ket.<\/span><\/p>\n<p><b><br \/>\nFogyasztand\u00f3 \u00e9lelmiszerek:<\/b><\/p>\n<ol>\n<li><span style=\"font-weight: 400;\"> Gyullad\u00e1scs\u00f6kkent\u0151 \u00e9lelmiszerek<\/span><\/li>\n<\/ol>\n<p><span style=\"font-weight: 400;\">A kurkuma, gy\u00f6mb\u00e9r, ol\u00edvaolaj \u00e9s az omega-3 zs\u00edrsavak a halakb\u00f3l vagy lenmagb\u00f3l seg\u00edtenek a gyullad\u00e1s cs\u00f6kkent\u00e9s\u00e9ben.<\/span><\/p>\n<ol start=\"2\">\n<li><span style=\"font-weight: 400;\"> Friss z\u00f6lds\u00e9gek \u00e9s gy\u00fcm\u00f6lcs\u00f6k<\/span><\/li>\n<\/ol>\n<p><span style=\"font-weight: 400;\">Gazdagok antioxid\u00e1nsokban \u00e9s rostokban, t\u00e1mogatj\u00e1k a m\u00e9regtelen\u00edt\u00e9st \u00e9s az eg\u00e9szs\u00e9ges b\u00e9lfl\u00f3r\u00e1t.<\/span><\/p>\n<ol start=\"3\">\n<li><span style=\"font-weight: 400;\"> Probiotikumok<\/span><\/li>\n<\/ol>\n<p><span style=\"font-weight: 400;\">A joghurt, kefir \u00e9s ferment\u00e1lt \u00e9lelmiszerek t\u00e1mogatj\u00e1k a mikrobiomot, amely kulcsfontoss\u00e1g\u00fa az immunrendszer sz\u00e1m\u00e1ra.<\/span><\/p>\n<ol start=\"4\">\n<li><span style=\"font-weight: 400;\"> Vitaminokban \u00e9s \u00e1sv\u00e1nyi anyagokban gazdag \u00e9telek<\/span><\/li>\n<\/ol>\n<p><span style=\"font-weight: 400;\">K\u00fcl\u00f6n\u00f6sen a D, C, E vitaminok, valamint a cink \u00e9s szel\u00e9n er\u0151s\u00edtik az immunv\u00e1laszt \u00e9s seg\u00edtenek a sz\u00f6vetek regener\u00e1l\u00e1s\u00e1ban.<\/span><\/p>\n<p>&nbsp;<\/p>\n<p><b>Tov\u00e1bbi t\u00e1pl\u00e1lkoz\u00e1si tan\u00e1csok autoimmun betegs\u00e9gek eset\u00e9n:<\/b><\/p>\n<p><span style=\"font-weight: 400;\">\u2013 Igyon elegend\u0151 vizet \u00e9s tartsa fenn a hidrat\u00e1lts\u00e1got.<\/span><\/p>\n<p><span style=\"font-weight: 400;\">\u2013 Egyen kisebb adagokat gyakrabban a nap folyam\u00e1n.<\/span><\/p>\n<p><span style=\"font-weight: 400;\">\u2013 Ker\u00fclje a stresszt \u00e9s gyakorolja a relax\u00e1ci\u00f3s technik\u00e1kat.<\/span><\/p>\n<p><span style=\"font-weight: 400;\">\u2013 Rendszeresen konzult\u00e1ljon orvos\u00e1val vagy t\u00e1pl\u00e1lkoz\u00e1si szak\u00e9rt\u0151vel.<\/span><\/p>\n<p><span style=\"font-weight: 400;\">A t\u00e1pl\u00e1lkoz\u00e1s er\u0151s sz\u00f6vets\u00e9ges az autoimmun betegs\u00e9gek kezel\u00e9s\u00e9ben. A k\u00e1ros \u00e9lelmiszerek ker\u00fcl\u00e9se \u00e9s a gyullad\u00e1scs\u00f6kkent\u0151, t\u00e1panyagban gazdag \u00e9trendre val\u00f3 \u00f6sszpontos\u00edt\u00e1s jelent\u0151sen jav\u00edthatja \u00e1llapot\u00e1t \u00e9s \u00e9letmin\u0151s\u00e9g\u00e9t. Kezdjen el ma kis l\u00e9p\u00e9seket tenni az eg\u00e9szs\u00e9gesebb \u00e9letm\u00f3d fel\u00e9!  <\/span><\/p>\n<p><br style=\"font-weight: 400;\"><br style=\"font-weight: 400;\"><\/p>\n","protected":false},"excerpt":{"rendered":"<p>Az autoimmun betegs\u00e9gek egyre gyakoribb eg\u00e9szs\u00e9g\u00fcgyi probl\u00e9m\u00e1t jelentenek vil\u00e1gszerte. Ezekn\u00e9l a rendelleness\u00e9gekn\u00e9l az immunrendszer t\u00e9vesen t\u00e1madja meg a saj\u00e1t sejteket,<\/p>\n","protected":false},"author":809,"featured_media":15670,"comment_status":"open","ping_status":"open","sticky":false,"template":"","format":"standard","meta":{"_acf_changed":false,"footnotes":""},"categories":[370],"tags":[567,568,529,527],"class_list":["post-20699","post","type-post","status-publish","format-standard","has-post-thumbnail","hentry","category-blog-hu","tag-autoimmun-betegsegek","tag-belflora","tag-immunerosites","tag-immunitas"],"acf":[],"_links":{"self":[{"href":"https:\/\/eliksirvitalnosti.com\/hu\/wp-json\/wp\/v2\/posts\/20699","targetHints":{"allow":["GET"]}}],"collection":[{"href":"https:\/\/eliksirvitalnosti.com\/hu\/wp-json\/wp\/v2\/posts"}],"about":[{"href":"https:\/\/eliksirvitalnosti.com\/hu\/wp-json\/wp\/v2\/types\/post"}],"author":[{"embeddable":true,"href":"https:\/\/eliksirvitalnosti.com\/hu\/wp-json\/wp\/v2\/users\/809"}],"replies":[{"embeddable":true,"href":"https:\/\/eliksirvitalnosti.com\/hu\/wp-json\/wp\/v2\/comments?post=20699"}],"version-history":[{"count":0,"href":"https:\/\/eliksirvitalnosti.com\/hu\/wp-json\/wp\/v2\/posts\/20699\/revisions"}],"wp:featuredmedia":[{"embeddable":true,"href":"https:\/\/eliksirvitalnosti.com\/hu\/wp-json\/wp\/v2\/media\/15670"}],"wp:attachment":[{"href":"https:\/\/eliksirvitalnosti.com\/hu\/wp-json\/wp\/v2\/media?parent=20699"}],"wp:term":[{"taxonomy":"category","embeddable":true,"href":"https:\/\/eliksirvitalnosti.com\/hu\/wp-json\/wp\/v2\/categories?post=20699"},{"taxonomy":"post_tag","embeddable":true,"href":"https:\/\/eliksirvitalnosti.com\/hu\/wp-json\/wp\/v2\/tags?post=20699"}],"curies":[{"name":"wp","href":"https:\/\/api.w.org\/{rel}","templated":true}]}}