{"id":29188,"date":"2026-01-08T11:49:42","date_gmt":"2026-01-08T11:49:42","guid":{"rendered":"https:\/\/eliksirvitalnosti.com\/klorofill-es-c-vitamin-szinergikus-hatasok-a-maximalis-vasfelszivodasert\/"},"modified":"2026-01-08T11:49:42","modified_gmt":"2026-01-08T11:49:42","slug":"klorofill-es-c-vitamin-szinergikus-hatasok-a-maximalis-vasfelszivodasert","status":"publish","type":"post","link":"https:\/\/eliksirvitalnosti.com\/hu\/klorofill-es-c-vitamin-szinergikus-hatasok-a-maximalis-vasfelszivodasert\/","title":{"rendered":"Klorofill \u00e9s C-vitamin: Szinergikus hat\u00e1sok a maxim\u00e1lis vasfelsz\u00edv\u00f3d\u00e1s\u00e9rt"},"content":{"rendered":"<p><span style=\"font-weight: 400;\">A vas felsz\u00edv\u00f3d\u00e1sa az egyik leg\u00e9rz\u00e9kenyebb folyamat a t\u00e1pl\u00e1lkoz\u00e1sban. Gyakran el\u0151fordul, hogy az emberek elegend\u0151 vasat visznek be, m\u00e9gis a v\u00e9rk\u00e9p\u00fck v\u00e1ltozatlan marad, \u00e9s f\u00e1radtnak, kimer\u00fcltnek \u00e9s koncentr\u00e1ci\u00f3hi\u00e1nyosnak \u00e9rzik magukat. Az ok egyszer\u0171: a szervezet nem sz\u00edvja fel k\u00f6nnyen a vasat, k\u00fcl\u00f6n\u00f6sen a n\u00f6v\u00e9nyi eredet\u0171t.  <\/span><\/p>\n<p><span style=\"font-weight: 400;\">\u00c9ppen ez\u00e9rt egyre t\u00f6bbet besz\u00e9lnek a <\/span><b>klorofill<\/b><span style=\"font-weight: 400;\"> \u00e9s <\/span><b>C-vitamin<\/b><span style=\"font-weight: 400;\">. Egy\u00fctt er\u0151teljes  <\/span><b>szinergikus hat\u00e1st<\/b><span style=\"font-weight: 400;\">, amely lehet\u0151v\u00e9 teszi, hogy a szervezet sokkal t\u00f6bb vasat hasznos\u00edtson, mintha k\u00fcl\u00f6n-k\u00fcl\u00f6n vinn\u00e9k be \u0151ket.<\/span><\/p>\n<h3><b>Mi\u00e9rt nehezen sz\u00edvja fel a szervezet a vasat?<\/b><\/h3>\n<p><span style=\"font-weight: 400;\">A n\u00f6v\u00e9nyi vas (nem-hem) term\u00e9szetesen kev\u00e9sb\u00e9 sz\u00edv\u00f3dik fel az em\u00e9szt\u0151rendszerb\u0151l. Ahhoz, hogy hasznosuljon, a szervezetnek t\u00f6bb k\u00e9miai \u00e1talak\u00edt\u00e1st kell v\u00e9grehajtania, \u00e9s ezt a folyamatot gyakran nehez\u00edtik olyan t\u00e9nyez\u0151k, mint a stressz, a gyenge mikrobiom, a gabonaf\u00e9l\u00e9kb\u0151l \u00e9s z\u00f6lds\u00e9gekb\u0151l sz\u00e1rmaz\u00f3 fit\u00e1tok, vagy a kalcium jelenl\u00e9te az \u00e9tkez\u00e9sben. <\/span><\/p>\n<p><span style=\"font-weight: 400;\">Ez\u00e9rt a vas bevitele nem garant\u00e1lja annak v\u00e9rben val\u00f3 el\u00e9rhet\u0151s\u00e9g\u00e9t \u2014 a felsz\u00edv\u00f3d\u00e1s kulcsfontoss\u00e1g\u00fa.<\/span><\/p>\n<h3><b>Klorofill: el\u0151k\u00e9sz\u00edti a terepet a felsz\u00edv\u00f3d\u00e1shoz<\/b><\/h3>\n<p><span style=\"font-weight: 400;\">A klorofill, a n\u00f6v\u00e9nyeknek z\u00f6ld sz\u00ednt ad\u00f3 pigment, rendk\u00edv\u00fcl hasonl\u00f3 a hemoglobinhoz. E hasonl\u00f3s\u00e1g miatt: <\/span><\/p>\n<ul>\n<li style=\"font-weight: 400;\" aria-level=\"1\"><span style=\"font-weight: 400;\">t\u00e1mogatja a sz\u00f6vetek oxig\u00e9nell\u00e1t\u00e1s\u00e1t,<\/span><\/li>\n<li style=\"font-weight: 400;\" aria-level=\"1\"><span style=\"font-weight: 400;\">hozz\u00e1j\u00e1rul az eg\u00e9szs\u00e9ges v\u00e9rhez,<\/span><\/li>\n<li style=\"font-weight: 400;\" aria-level=\"1\"><span style=\"font-weight: 400;\">befoly\u00e1solja a b\u00e9l pH-egyens\u00faly\u00e1t,<\/span><\/li>\n<li style=\"font-weight: 400;\" aria-level=\"1\"><span style=\"font-weight: 400;\">cs\u00f6kkenti a vas felsz\u00edv\u00f3d\u00e1s\u00e1t g\u00e1tl\u00f3 anti-t\u00e1panyagok hat\u00e1s\u00e1t.<\/span><\/li>\n<\/ul>\n<p><span style=\"font-weight: 400;\">M\u00e1s sz\u00f3val, a klorofill \u201eide\u00e1lis k\u00f6rnyezetet\u201d teremt, amelyben a szervezet k\u00f6nnyebben veszi fel az \u00e1sv\u00e1nyi anyagokat.<\/span><\/p>\n<h3><b>C-vitamin: a folyamatot elind\u00edt\u00f3 aktiv\u00e1tor<\/b><\/h3>\n<p><span style=\"font-weight: 400;\">A klorofillal ellent\u00e9tben a C-vitamin k\u00f6zvetlen aktiv\u00e1tork\u00e9nt m\u0171k\u00f6dik. Szerepe nagyon specifikus: a vasat olyan form\u00e1v\u00e1 alak\u00edtja, amely k\u00f6nnyebben hozz\u00e1f\u00e9rhet\u0151 a szervezet sz\u00e1m\u00e1ra. Emellett v\u00e9di az oxid\u00e1ci\u00f3t\u00f3l \u00e9s n\u00f6veli oldhat\u00f3s\u00e1g\u00e1t a belekben.  <\/span><\/p>\n<p><span style=\"font-weight: 400;\">\u00c9ppen ez\u00e9rt a C-vitamint gyakran aj\u00e1nlj\u00e1k n\u00f6v\u00e9nyi vassal egy\u00fctt.<\/span><\/p>\n<h3><b>Hogyan n\u00e9z ki e k\u00e9t t\u00e1panyag szinergikus hat\u00e1sa?<\/b><\/h3>\n<p><span style=\"font-weight: 400;\">Amikor a klorofillt \u00e9s a C-vitamint kombin\u00e1lj\u00e1k, t\u00f6bb t\u00f6rt\u00e9nik, mint egyszer\u0171en \u00f6sszead\u00f3dnak a hat\u00e1saik. Ezek egyidej\u0171leg hatnak a felsz\u00edv\u00f3d\u00e1s k\u00fcl\u00f6nb\u00f6z\u0151 f\u00e1zisaira: <\/span><\/p>\n<ol>\n<li style=\"font-weight: 400;\" aria-level=\"1\"><b>A C-vitamin aktiv\u00e1lja a vasat<\/b><span style=\"font-weight: 400;\">, \u00e1talak\u00edtva azt olyan form\u00e1v\u00e1, amelyet a szervezet azonnal hasznos\u00edtani tud.<\/span><\/li>\n<li style=\"font-weight: 400;\" aria-level=\"1\"><b>A klorofill jav\u00edtja az em\u00e9szt\u0151rendszeri felt\u00e9teleket<\/b><span style=\"font-weight: 400;\">, \u00edgy a felv\u00e9tel hat\u00e9konyabban zajlik.<\/span><\/li>\n<li style=\"font-weight: 400;\" aria-level=\"1\"><b>Cs\u00f6kken a felsz\u00edv\u00f3d\u00e1st g\u00e1tl\u00f3 anyagok hat\u00e1sa<\/b><span style=\"font-weight: 400;\">, mint p\u00e9ld\u00e1ul a fit\u00e1tok \u00e9s oxal\u00e1tok.<\/span><\/li>\n<li style=\"font-weight: 400;\" aria-level=\"1\"><b>T\u00e1mogatja a jobb min\u0151s\u00e9g\u0171 v\u00f6r\u00f6sv\u00e9rtestek k\u00e9pz\u0151d\u00e9s\u00e9t<\/b><span style=\"font-weight: 400;\">, ami hat\u00e1ssal van az energi\u00e1ra \u00e9s a koncentr\u00e1ci\u00f3ra.<\/span><\/li>\n<\/ol>\n<p><span style=\"font-weight: 400;\">Az eredm\u00e9ny sokkal er\u0151sebb vasfelsz\u00edv\u00f3d\u00e1s, mintha b\u00e1rmelyik t\u00e1panyagot \u00f6nmag\u00e1ban haszn\u00e1ln\u00e1k.<\/span><\/p>\n<h3><b>Kinek k\u00fcl\u00f6n\u00f6sen hasznos ez a kombin\u00e1ci\u00f3?<\/b><\/h3>\n<p><span style=\"font-weight: 400;\">Azok az emberek veszik \u00e9szre a leggyorsabban a k\u00fcl\u00f6nbs\u00e9get, akiknek m\u00e1r probl\u00e9m\u00e1juk van a felsz\u00edv\u00f3d\u00e1ssal. Ezek a k\u00f6vetkez\u0151k: <\/span><\/p>\n<ul>\n<li style=\"font-weight: 400;\" aria-level=\"1\"><span style=\"font-weight: 400;\">v\u00e9rszeg\u00e9nys\u00e9gben vagy alacsony ferritinszintben szenved\u0151k,<\/span><\/li>\n<li style=\"font-weight: 400;\" aria-level=\"1\"><span style=\"font-weight: 400;\">er\u0151s menstru\u00e1ci\u00f3val k\u00fczd\u0151 n\u0151k,<\/span><\/li>\n<li style=\"font-weight: 400;\" aria-level=\"1\"><span style=\"font-weight: 400;\">sportol\u00f3k \u00e9s szabadid\u0151sportol\u00f3k,<\/span><\/li>\n<li style=\"font-weight: 400;\" aria-level=\"1\"><span style=\"font-weight: 400;\">veg\u00e1nok \u00e9s veget\u00e1ri\u00e1nusok,<\/span><\/li>\n<li style=\"font-weight: 400;\" aria-level=\"1\"><span style=\"font-weight: 400;\">em\u00e9szt\u00e9si zavarokkal vagy gyenge gyomorsavval k\u00fczd\u0151k.<\/span><\/li>\n<\/ul>\n<p><span style=\"font-weight: 400;\">Eset\u00fckben gyakran l\u00e1that\u00f3, hogy a klorofill \u00e9s C-vitamin kombin\u00e1ci\u00f3ja jobb eredm\u00e9nyeket hoz, mint a vas adagj\u00e1nak \u00f6nmag\u00e1ban t\u00f6rt\u00e9n\u0151 n\u00f6vel\u00e9se.<\/span><\/p>\n<h3><b>Hogyan haszn\u00e1ljuk helyesen a klorofillt \u00e9s a C-vitamint a legjobb hat\u00e1s el\u00e9r\u00e9s\u00e9hez?<\/b><\/h3>\n<p><span style=\"font-weight: 400;\">A legjobb, ha <\/span><b>\u00e9tkez\u00e9s el\u0151tt<\/b><span style=\"font-weight: 400;\"> vagy \u00e9hgyomorra veszi be \u0151ket, mert akkor a felsz\u00edv\u00f3d\u00e1s a legmagasabb.<\/span><span style=\"font-weight: 400;\"><br \/>\n<\/span><span style=\"font-weight: 400;\">A gyakorlatban leggyakrabban haszn\u00e1lj\u00e1k:<\/span><\/p>\n<ul>\n<li style=\"font-weight: 400;\" aria-level=\"1\"><span style=\"font-weight: 400;\">klorofillban gazdag t\u00f6nk\u00f6lyb\u00faza l\u00e9,<\/span><\/li>\n<li style=\"font-weight: 400;\" aria-level=\"1\"><span style=\"font-weight: 400;\">term\u00e9szetes C-vitamin forr\u00e1s (citrom, acerola, ar\u00f3nia).<\/span><\/li>\n<\/ul>\n<p><span style=\"font-weight: 400;\">Fontos elker\u00fclni a k\u00e1v\u00e9t, a tejterm\u00e9keket \u00e9s a kalciumot ugyanabban az id\u0151szakban, mivel ezek ak\u00e1r 50%-kal is cs\u00f6kkenthetik a vasfelv\u00e9telt.<\/span><\/p>\n<p><span style=\"font-weight: 400;\">A klorofill \u00e9s a C-vitamin egy\u00fctt az egyik leger\u0151sebb term\u00e9szetes mechanizmust alkotj\u00e1k a <\/span><b>vasfelsz\u00edv\u00f3d\u00e1s<\/b><span style=\"font-weight: 400;\">. M\u00edg a C-vitamin aktiv\u00e1lja a vasat, a klorofill el\u0151k\u00e9sz\u00edti a terepet annak \u00e1thalad\u00e1s\u00e1hoz \u00e9s a v\u00e9rben val\u00f3 hasznosul\u00e1s\u00e1hoz. Ez\u00e9rt ez a kombin\u00e1ci\u00f3 egyre gyakrabban v\u00e1lik az energia, a f\u00f3kusz \u00e9s az eg\u00e9szs\u00e9ges v\u00e9rk\u00e9p fejlett protokolljainak r\u00e9sz\u00e9v\u00e9. <\/span><\/p>\n","protected":false},"excerpt":{"rendered":"<p>A vas felsz\u00edv\u00f3d\u00e1sa az egyik leg\u00e9rz\u00e9kenyebb folyamat a t\u00e1pl\u00e1lkoz\u00e1sban. Gyakran el\u0151fordul, hogy az emberek elegend\u0151 vasat visznek be, m\u00e9gis a<\/p>\n","protected":false},"author":809,"featured_media":29189,"comment_status":"open","ping_status":"open","sticky":false,"template":"","format":"standard","meta":{"_acf_changed":false,"footnotes":""},"categories":[370],"tags":[893,559,560,631,637,522,578,976,582,670],"class_list":["post-29188","post","type-post","status-publish","format-standard","has-post-thumbnail","hentry","category-blog-hu","tag-antioxidansok","tag-c-vitamin","tag-klorofill","tag-stressz","tag-termeszetes-energiaforrasok","tag-tonkolyle","tag-vas","tag-verkep","tag-verszegenyseg","tag-vitaminok-es-asvanyi-anyagok"],"acf":[],"_links":{"self":[{"href":"https:\/\/eliksirvitalnosti.com\/hu\/wp-json\/wp\/v2\/posts\/29188","targetHints":{"allow":["GET"]}}],"collection":[{"href":"https:\/\/eliksirvitalnosti.com\/hu\/wp-json\/wp\/v2\/posts"}],"about":[{"href":"https:\/\/eliksirvitalnosti.com\/hu\/wp-json\/wp\/v2\/types\/post"}],"author":[{"embeddable":true,"href":"https:\/\/eliksirvitalnosti.com\/hu\/wp-json\/wp\/v2\/users\/809"}],"replies":[{"embeddable":true,"href":"https:\/\/eliksirvitalnosti.com\/hu\/wp-json\/wp\/v2\/comments?post=29188"}],"version-history":[{"count":0,"href":"https:\/\/eliksirvitalnosti.com\/hu\/wp-json\/wp\/v2\/posts\/29188\/revisions"}],"wp:featuredmedia":[{"embeddable":true,"href":"https:\/\/eliksirvitalnosti.com\/hu\/wp-json\/wp\/v2\/media\/29189"}],"wp:attachment":[{"href":"https:\/\/eliksirvitalnosti.com\/hu\/wp-json\/wp\/v2\/media?parent=29188"}],"wp:term":[{"taxonomy":"category","embeddable":true,"href":"https:\/\/eliksirvitalnosti.com\/hu\/wp-json\/wp\/v2\/categories?post=29188"},{"taxonomy":"post_tag","embeddable":true,"href":"https:\/\/eliksirvitalnosti.com\/hu\/wp-json\/wp\/v2\/tags?post=29188"}],"curies":[{"name":"wp","href":"https:\/\/api.w.org\/{rel}","templated":true}]}}