{"id":31669,"date":"2026-01-22T16:50:02","date_gmt":"2026-01-22T16:50:02","guid":{"rendered":"https:\/\/eliksirvitalnosti.com\/antibiotikumok-mikor-segitenek-es-mikor-nem\/"},"modified":"2026-01-22T16:50:02","modified_gmt":"2026-01-22T16:50:02","slug":"antibiotikumok-mikor-segitenek-es-mikor-nem","status":"publish","type":"post","link":"https:\/\/eliksirvitalnosti.com\/hu\/antibiotikumok-mikor-segitenek-es-mikor-nem\/","title":{"rendered":"Antibiotikumok \u2013 mikor seg\u00edtenek, \u00e9s mikor nem?"},"content":{"rendered":"<p><span style=\"font-weight: 400;\">Az antibiotikumok a modern orvostudom\u00e1ny egyik legnagyobb v\u00edvm\u00e1nyai. Felfedez\u00e9s\u00fck \u00f3ta milli\u00f3k \u00e9let\u00e9t mentett\u00e9k meg, \u00e9s jelent\u0151sen megv\u00e1ltoztatt\u00e1k a s\u00falyos fert\u0151z\u00e9sek kezel\u00e9s\u00e9nek menet\u00e9t. Nekik k\u00f6sz\u00f6nhet\u0151en ma m\u00e1r sok, kor\u00e1bban hal\u00e1los betegs\u00e9g gy\u00f3gy\u00edthat\u00f3v\u00e1 v\u00e1lt. Azonban \u00f3ri\u00e1si jelent\u0151s\u00e9g\u00fck ellen\u00e9re az antibiotikumokat ma gyakran nem megfelel\u0151en alkalmazz\u00e1k, ami t\u00f6bb k\u00e1rt okozhat, mint hasznot.   <\/span><\/p>\n<p><span style=\"font-weight: 400;\">Annak meg\u00e9rt\u00e9se, hogy <\/span><b>mikor van val\u00f3ban sz\u00fcks\u00e9g antibiotikumokra<\/b><span style=\"font-weight: 400;\">, \u00e9s mikor nincs, kulcsfontoss\u00e1g\u00fa az egy\u00e9n \u00e9s a t\u00e1gabb k\u00f6z\u00f6ss\u00e9g eg\u00e9szs\u00e9g\u00e9nek meg\u0151rz\u00e9s\u00e9hez.<\/span><\/p>\n<h2><b>Mikor indokolt az antibiotikumok alkalmaz\u00e1sa?<\/b><\/h2>\n<p><span style=\"font-weight: 400;\">Az antibiotikumok kiz\u00e1r\u00f3lag <\/span><b>bakteri\u00e1lis fert\u0151z\u00e9sekre<\/b> hatnak<span style=\"font-weight: 400;\">. Alkalmaz\u00e1suknak csak akkor van \u00e9rtelme, ha a betegs\u00e9g oka bakt\u00e9rium, nem pedig v\u00edrus vagy m\u00e1s t\u00e9nyez\u0151. Leggyakrabban a k\u00f6vetkez\u0151 esetekben \u00edrj\u00e1k fel: <\/span><\/p>\n<ul>\n<li style=\"font-weight: 400;\" aria-level=\"1\"><span style=\"font-weight: 400;\">bakteri\u00e1lis t\u00fcd\u0151gyullad\u00e1s<\/span><\/li>\n<li style=\"font-weight: 400;\" aria-level=\"1\"><span style=\"font-weight: 400;\">streptococcus angina<\/span><\/li>\n<li style=\"font-weight: 400;\" aria-level=\"1\"><span style=\"font-weight: 400;\">h\u00fagy\u00fati fert\u0151z\u00e9sek<\/span><\/li>\n<li style=\"font-weight: 400;\" aria-level=\"1\"><span style=\"font-weight: 400;\">bizonyos b\u0151r- \u00e9s sziszt\u00e9m\u00e1s fert\u0151z\u00e9sek<\/span><\/li>\n<\/ul>\n<p><span style=\"font-weight: 400;\">Fontos hangs\u00falyozni, hogy az antibiotikumokat <\/span><b>mindig orvosnak kell fel\u00edrnia<\/b><span style=\"font-weight: 400;\">, a klinikai k\u00e9p, a laborat\u00f3riumi eredm\u00e9nyek \u00e9s a tapasztalat alapj\u00e1n. Az antibiotikumok \u00f6nk\u00e9nyes, \u201eminden esetre\u201d t\u00f6rt\u00e9n\u0151 szed\u00e9se komoly eg\u00e9szs\u00e9g\u00fcgyi kock\u00e1zatot jelent. <\/span><\/p>\n<p><span style=\"font-weight: 400;\">Egy m\u00e1sik gyakori hiba a <\/span><b>ter\u00e1pia id\u0151 el\u0151tti megszak\u00edt\u00e1sa<\/b><span style=\"font-weight: 400;\">, amint szubjekt\u00edv javul\u00e1s tapasztalhat\u00f3. Ez a viselked\u00e9s ahhoz vezethet, hogy a bakt\u00e9riumok t\u00fal\u00e9lik, ellen\u00e1ll\u00f3bb\u00e1 v\u00e1lnak, \u00e9s k\u00e9s\u0151bb s\u00falyosabb \u00e9s hosszabb ideig tart\u00f3 fert\u0151z\u00e9st okoznak. <\/span><\/p>\n<h2><b>Mikor nem megold\u00e1s az antibiotikum?<\/b><\/h2>\n<p><span style=\"font-weight: 400;\">A <\/span><b>v\u00edrusos fert\u0151z\u00e9sek<\/b> eset\u00e9n<span style=\"font-weight: 400;\">  az antibiotikumoknak nincs semmilyen hat\u00e1sa. Ide tartozik: <\/span><\/p>\n<ul>\n<li style=\"font-weight: 400;\" aria-level=\"1\"><span style=\"font-weight: 400;\">megf\u00e1z\u00e1s<\/span><\/li>\n<li style=\"font-weight: 400;\" aria-level=\"1\"><span style=\"font-weight: 400;\">influenza<\/span><\/li>\n<li style=\"font-weight: 400;\" aria-level=\"1\"><span style=\"font-weight: 400;\">a legt\u00f6bb bronchitis<\/span><\/li>\n<li style=\"font-weight: 400;\" aria-level=\"1\"><span style=\"font-weight: 400;\">v\u00edrusos torok- \u00e9s orrmell\u00e9k\u00fcreg-gyullad\u00e1s<\/span><\/li>\n<\/ul>\n<p><span style=\"font-weight: 400;\">Ezekben a helyzetekben a szervezetnek nem antibiotikumra van sz\u00fcks\u00e9ge, hanem id\u0151re \u00e9s az immunrendszer megfelel\u0151 t\u00e1mogat\u00e1s\u00e1ra. Az antibiotikumok szed\u00e9se v\u00edrusos fert\u0151z\u00e9sek eset\u00e9n nem r\u00f6vid\u00edti le a betegs\u00e9g id\u0151tartam\u00e1t, nem el\u0151zi meg a sz\u00f6v\u0151dm\u00e9nyeket \u00e9s nem gyors\u00edtja a gy\u00f3gyul\u00e1st \u2013 \u00e9ppen ellenkez\u0151leg, tov\u00e1bb gyeng\u00edtheti a szervezetet. <\/span><\/p>\n<h2><b>Az antibiotikum-vissza\u00e9l\u00e9s k\u00f6vetkezm\u00e9nyei<\/b><\/h2>\n<p><span style=\"font-weight: 400;\">Az egyik legnagyobb glob\u00e1lis eg\u00e9szs\u00e9g\u00fcgyi fenyeget\u00e9s ma az <\/span><b>antibiotikum-rezisztencia<\/b><span style=\"font-weight: 400;\">. Ez az \u00e1llapot, amikor a bakt\u00e9riumok ellen\u00e1ll\u00f3v\u00e1 v\u00e1lnak az antibiotikumokkal szemben, ami miatt a kor\u00e1bban hat\u00e9kony ter\u00e1pi\u00e1k m\u00e1r nem hoznak eredm\u00e9nyt.<\/span><\/p>\n<p><span style=\"font-weight: 400;\">Emellett az antibiotikumok er\u0151sen befoly\u00e1solj\u00e1k a <\/span><b>b\u00e9l mikrofl\u00f3r\u00e1j\u00e1t<\/b><span style=\"font-weight: 400;\">. Nemcsak a \u201erossz\u201d bakt\u00e9riumokat puszt\u00edtj\u00e1k el, hanem a hasznosakat is, amelyek elengedhetetlenek az immun- \u00e9s em\u00e9szt\u0151rendszer megfelel\u0151 m\u0171k\u00f6d\u00e9s\u00e9hez. A k\u00f6vetkezm\u00e9nyek a k\u00f6vetkez\u0151k lehetnek: <\/span><\/p>\n<ul>\n<li style=\"font-weight: 400;\" aria-level=\"1\"><span style=\"font-weight: 400;\">az immunit\u00e1s gyeng\u00fcl\u00e9se<\/span><\/li>\n<li style=\"font-weight: 400;\" aria-level=\"1\"><span style=\"font-weight: 400;\">em\u00e9szt\u00e9si probl\u00e9m\u00e1k<\/span><\/li>\n<li style=\"font-weight: 400;\" aria-level=\"1\"><span style=\"font-weight: 400;\">fokozott hajlam a fert\u0151z\u00e9sekre<\/span><\/li>\n<li style=\"font-weight: 400;\" aria-level=\"1\"><span style=\"font-weight: 400;\">candida fert\u0151z\u00e9sek kialakul\u00e1sa<\/span><\/li>\n<li style=\"font-weight: 400;\" aria-level=\"1\"><span style=\"font-weight: 400;\">kr\u00f3nikus f\u00e1radts\u00e1g \u00e9s a szervezet egyens\u00falyhi\u00e1nya<\/span><\/li>\n<\/ul>\n<p><span style=\"font-weight: 400;\">Az eg\u00e9szs\u00e9ges mikrobiom az er\u0151s immunit\u00e1s alapja, \u00e9s annak k\u00e1rosod\u00e1sa gyakran hossz\u00fa t\u00e1v\u00fa k\u00f6vetkezm\u00e9nyekkel j\u00e1r.<\/span><\/p>\n<h2><b>Term\u00e9szetes megel\u0151z\u00e9s \u2013 hogyan er\u0151s\u00edthetj\u00fck az immunit\u00e1st?<\/b><\/h2>\n<p><span style=\"font-weight: 400;\">Ahelyett, hogy az antibiotikumokra t\u00e1maszkodn\u00e1nk els\u0151 megold\u00e1sk\u00e9nt, sokkal hat\u00e9konyabb, ha <\/span><b>megel\u0151z\u0151en er\u0151s\u00edtj\u00fck az immunrendszert<\/b><span style=\"font-weight: 400;\">. Az er\u0151s immunit\u00e1s a legjobb v\u00e9delem a fert\u0151z\u00e9sek ellen, k\u00fcl\u00f6n\u00f6sen a t\u00e9li h\u00f3napokban.<\/span><\/p>\n<p><span style=\"font-weight: 400;\">N\u00e9h\u00e1ny kulcsfontoss\u00e1g\u00fa term\u00e9szetes strat\u00e9gia:<\/span><\/p>\n<ul>\n<li style=\"font-weight: 400;\" aria-level=\"1\"><b>T\u00f6nk\u00f6lyb\u00fazaf\u0171l\u00e9<\/b><span style=\"font-weight: 400;\"> \u2013 klorofillban, vitaminokban \u00e9s \u00e1sv\u00e1nyi anyagokban gazdag; hozz\u00e1j\u00e1rul a v\u00e9r tiszt\u00edt\u00e1s\u00e1hoz, az immunrendszer er\u0151s\u00edt\u00e9s\u00e9hez \u00e9s a szervezet jobb regener\u00e1ci\u00f3j\u00e1hoz<\/span><\/li>\n<li style=\"font-weight: 400;\" aria-level=\"1\"><b>Ferment\u00e1lt \u00e9lelmiszerek \u00e9s probiotikumok<\/b><span style=\"font-weight: 400;\"> \u2013 a savany\u00fa k\u00e1poszta, a kefir \u00e9s a joghurt seg\u00edtenek helyre\u00e1ll\u00edtani a b\u00e9lfl\u00f3r\u00e1t \u00e9s er\u0151s\u00edtik a term\u00e9szetes v\u00e9dekez\u0151k\u00e9pess\u00e9get<\/span><\/li>\n<li style=\"font-weight: 400;\" aria-level=\"1\"><b>Gy\u00f3gyte\u00e1k<\/b><span style=\"font-weight: 400;\"> \u2013 a gy\u00f6mb\u00e9r, a kakukkf\u0171 \u00e9s a zs\u00e1lya enyhe antiszeptikus \u00e9s nyugtat\u00f3 hat\u00e1ssal b\u00edrnak<\/span><\/li>\n<li style=\"font-weight: 400;\" aria-level=\"1\"><b>D-vitamin \u00e9s omega-3 zs\u00edrsavak<\/b><span style=\"font-weight: 400;\"> \u2013 k\u00fcl\u00f6n\u00f6sen fontosak a cs\u00f6kkent napf\u00e9nyes id\u0151szakokban<\/span><\/li>\n<li style=\"font-weight: 400;\" aria-level=\"1\"><b>Min\u0151s\u00e9gi alv\u00e1s \u00e9s stresszcs\u00f6kkent\u00e9s<\/b><span style=\"font-weight: 400;\"> \u2013 kulcsfontoss\u00e1g\u00fa t\u00e9nyez\u0151k a hormon\u00e1lis egyens\u00faly \u00e9s a szervezet ellen\u00e1ll\u00f3 k\u00e9pess\u00e9ge szempontj\u00e1b\u00f3l<\/span><\/li>\n<\/ul>\n<p><span style=\"font-weight: 400;\">Az antibiotikumok hat\u00e9kony \u00e9s \u00e9rt\u00e9kes fegyverek a bakteri\u00e1lis fert\u0151z\u00e9sek elleni k\u00fczdelemben, de csak akkor, ha <\/span><b>felel\u0151ss\u00e9gteljesen \u00e9s megfontoltan<\/b> alkalmazz\u00e1k \u0151ket<span style=\"font-weight: 400;\">. Nem megfelel\u0151 haszn\u00e1latuk vesz\u00e9lyeztetheti az egy\u00e9nt \u00e9s a j\u00f6v\u0151 gener\u00e1ci\u00f3it is.<\/span><\/p>\n<p><span style=\"font-weight: 400;\">V\u00edrusos fert\u0151z\u00e9sek \u00e9s a mindennapi megel\u0151z\u00e9s eset\u00e9n a term\u00e9szetes t\u00e1mogat\u00e1s, a megfelel\u0151 t\u00e1pl\u00e1lkoz\u00e1s \u00e9s az eg\u00e9szs\u00e9ges szok\u00e1sok maradnak a legjobb sz\u00f6vets\u00e9gesek. Az immunrendszer rendszeres er\u0151s\u00edt\u00e9se, term\u00e9szetes \u00e9lelmiszerek, p\u00e9ld\u00e1ul a   <\/span><a href=\"https:\/\/eliksirvitalnosti.com\/proizvod\/sok-od-spelte\/\"><b>t\u00f6nk\u00f6lyb\u00fazaf\u0171l\u00e9<\/b><\/a><span style=\"font-weight: 400;\"> seg\u00edts\u00e9g\u00e9vel, jelent\u0151sen cs\u00f6kkentheti az antibiotikumok sz\u00fcks\u00e9gess\u00e9g\u00e9t, \u00e9s seg\u00edthet a szervezetnek abban, hogy er\u0151s, kiegyens\u00falyozott \u00e9s ellen\u00e1ll\u00f3 maradjon.<\/span><\/p>\n","protected":false},"excerpt":{"rendered":"<p>Az antibiotikumok a modern orvostudom\u00e1ny egyik legnagyobb v\u00edvm\u00e1nyai. Felfedez\u00e9s\u00fck \u00f3ta milli\u00f3k \u00e9let\u00e9t mentett\u00e9k meg, \u00e9s jelent\u0151sen megv\u00e1ltoztatt\u00e1k a s\u00falyos fert\u0151z\u00e9sek<\/p>\n","protected":false},"author":809,"featured_media":31670,"comment_status":"open","ping_status":"open","sticky":false,"template":"","format":"standard","meta":{"_acf_changed":false,"footnotes":""},"categories":[370],"tags":[1010,1011,1009,568,857,896,900,630,529,527,1001,858,620,842,638,545,1008,631,958,522,856,1012],"class_list":["post-31669","post","type-post","status-publish","format-standard","has-post-thumbnail","hentry","category-blog-hu","tag-antibiotikumok","tag-bakterialis-fertozesek","tag-bakteriumok","tag-belflora","tag-d-vitamin","tag-egeszseges-elet","tag-egeszseges-taplalkozas","tag-emesztes","tag-immunerosites","tag-immunitas","tag-immunrendszer","tag-immunrendszer-gyengules","tag-jeloleset","tag-kronikus-faradtsag","tag-kronikus-stressz","tag-omega-3-zsirsavak","tag-rossz-alvas","tag-stressz","tag-taplalkozas","tag-tonkolyle","tag-virusok","tag-virusos-fertozesek"],"acf":[],"_links":{"self":[{"href":"https:\/\/eliksirvitalnosti.com\/hu\/wp-json\/wp\/v2\/posts\/31669","targetHints":{"allow":["GET"]}}],"collection":[{"href":"https:\/\/eliksirvitalnosti.com\/hu\/wp-json\/wp\/v2\/posts"}],"about":[{"href":"https:\/\/eliksirvitalnosti.com\/hu\/wp-json\/wp\/v2\/types\/post"}],"author":[{"embeddable":true,"href":"https:\/\/eliksirvitalnosti.com\/hu\/wp-json\/wp\/v2\/users\/809"}],"replies":[{"embeddable":true,"href":"https:\/\/eliksirvitalnosti.com\/hu\/wp-json\/wp\/v2\/comments?post=31669"}],"version-history":[{"count":0,"href":"https:\/\/eliksirvitalnosti.com\/hu\/wp-json\/wp\/v2\/posts\/31669\/revisions"}],"wp:featuredmedia":[{"embeddable":true,"href":"https:\/\/eliksirvitalnosti.com\/hu\/wp-json\/wp\/v2\/media\/31670"}],"wp:attachment":[{"href":"https:\/\/eliksirvitalnosti.com\/hu\/wp-json\/wp\/v2\/media?parent=31669"}],"wp:term":[{"taxonomy":"category","embeddable":true,"href":"https:\/\/eliksirvitalnosti.com\/hu\/wp-json\/wp\/v2\/categories?post=31669"},{"taxonomy":"post_tag","embeddable":true,"href":"https:\/\/eliksirvitalnosti.com\/hu\/wp-json\/wp\/v2\/tags?post=31669"}],"curies":[{"name":"wp","href":"https:\/\/api.w.org\/{rel}","templated":true}]}}