{"id":31675,"date":"2026-02-05T14:59:17","date_gmt":"2026-02-05T14:59:17","guid":{"rendered":"https:\/\/eliksirvitalnosti.com\/februar-es-a-kronikus-faradtsag-nem-lustasagrol-van-szo-hanem-egyensulyhianyrol-es-hogyan-nyerheti-vissza-az-energiajat-eroltetes-nelkul\/"},"modified":"2026-02-05T14:59:17","modified_gmt":"2026-02-05T14:59:17","slug":"februar-es-a-kronikus-faradtsag-nem-lustasagrol-van-szo-hanem-egyensulyhianyrol-es-hogyan-nyerheti-vissza-az-energiajat-eroltetes-nelkul","status":"publish","type":"post","link":"https:\/\/eliksirvitalnosti.com\/hu\/februar-es-a-kronikus-faradtsag-nem-lustasagrol-van-szo-hanem-egyensulyhianyrol-es-hogyan-nyerheti-vissza-az-energiajat-eroltetes-nelkul\/","title":{"rendered":"Febru\u00e1r \u00e9s a kr\u00f3nikus f\u00e1radts\u00e1g: nem lustas\u00e1gr\u00f3l van sz\u00f3, hanem egyens\u00falyhi\u00e1nyr\u00f3l \u2013 \u00e9s hogyan nyerheti vissza az energi\u00e1j\u00e1t er\u0151ltet\u00e9s n\u00e9lk\u00fcl"},"content":{"rendered":"<p><span style=\"font-weight: 400;\">Ha febru\u00e1rban f\u00e1radtnak, kedvetlennek \u00e9rzi mag\u00e1t, \u00e9s mintha az energi\u00e1ja \u201etartal\u00e9kon\u201d lenne, fontos, hogy tudjon egy dolgot: <\/span><b>nem az \u00d6n akaraterej\u00e9vel van a gond<\/b><span style=\"font-weight: 400;\">. Febru\u00e1r a szervezet sz\u00e1m\u00e1ra az \u00e9v egy saj\u00e1tos id\u0151szaka, \u00e9s amit \u00e9rez, annak nagyon is val\u00f3s biol\u00f3giai magyar\u00e1zata van.<\/span><\/p>\n<p><span style=\"font-weight: 400;\">T\u00e9len a szervezet t\u00f6bbet haszn\u00e1l fel, mint amennyit \u00e9szrevesz\u00fcnk. A kevesebb nappali f\u00e9ny, a hideg id\u0151, a nehezebb \u00e9telek, a kevesebb mozg\u00e1s \u00e9s a gyakran fokozott stressz lassan kimer\u00edtik a bels\u0151 tartal\u00e9kokat. \u00c9rdekes, hogy ennek a felhalmoz\u00f3dott terhel\u00e9snek a k\u00f6vetkezm\u00e9nyei t\u00f6bbnyire nem azonnal jelentkeznek, hanem csak a t\u00e9l v\u00e9g\u00e9n. Ez\u00e9rt febru\u00e1r sokakn\u00e1l az a h\u00f3nap, amikor megjelenik a kr\u00f3nikus f\u00e1radts\u00e1g, a koncentr\u00e1ci\u00f3 cs\u00f6kken\u00e9se \u00e9s az az \u00e9rz\u00e9s, hogy \u201em\u00e1r nem megy \u00fagy, mint r\u00e9gen\u201d.   <\/span><\/p>\n<h2><b>Mi\u00e9rt \u00e9ppen most \u00e9rezhet\u0151 legink\u00e1bb a kimer\u00fclts\u00e9g?<\/b><\/h2>\n<p><span style=\"font-weight: 400;\">Ebben az id\u0151szakban a szervezet gyakran enyhe egyens\u00falyhi\u00e1nyos \u00e1llapotba ker\u00fcl. Nem egyetlen dologr\u00f3l van sz\u00f3, hanem t\u00e9nyez\u0151k kombin\u00e1ci\u00f3j\u00e1r\u00f3l \u2013 a hormonokt\u00f3l \u00e9s mikrot\u00e1panyagokt\u00f3l kezdve az em\u00e9szt\u0151rendszer m\u0171k\u00f6d\u00e9s\u00e9n \u00e1t eg\u00e9szen addig, hogyan termel a test energi\u00e1t. Ez\u00e9rt a klasszikus \u201epihenjen\u201d tan\u00e1cs gyakran nem hozza a k\u00edv\u00e1nt eredm\u00e9nyt.  <\/span><\/p>\n<p><span style=\"font-weight: 400;\">Sokan \u00e9szreveszik, hogy sem a hosszabb alv\u00e1s, sem a plusz k\u00e1v\u00e9 nem seg\u00edt hossz\u00fa t\u00e1von. Az ok egyszer\u0171:  <\/span><b>a f\u00e1radts\u00e1g nem az alv\u00e1shi\u00e1ny k\u00f6vetkezm\u00e9nye, hanem bels\u0151 egyens\u00falyhi\u00e1ny\u00e9<\/b><span style=\"font-weight: 400;\">. A szervezetnek egyszer\u0171en nincs el\u00e9g \u201ealapanyaga\u201d ahhoz, hogy stabil energi\u00e1t termeljen.<\/span><\/p>\n<h2><b>Mi\u00e9rt rontja tov\u00e1bb a helyzetet az er\u0151ltet\u00e9s<\/b><\/h2>\n<p><span style=\"font-weight: 400;\">Amikor kimer\u00fcltnek \u00e9rezz\u00fck magunkat, term\u00e9szetes reakci\u00f3, hogy megpr\u00f3b\u00e1ljuk \u201er\u00e1venni magunkat\u201d \u2013 t\u00f6bb feladat, t\u00f6bb edz\u00e9s, szigor\u00fabb di\u00e9t\u00e1k, gyorsabb temp\u00f3. Febru\u00e1r azonban nem az agressz\u00edv v\u00e1ltoztat\u00e1sok h\u00f3napja. Ebben az id\u0151szakban a szervezet sokkal jobban reag\u00e1l a tehermentes\u00edt\u00e9sre, mint a nyom\u00e1sra.  <\/span><\/p>\n<p><span style=\"font-weight: 400;\">Az energia ilyenkor nem hirtelen t\u00e9r vissza, hanem fokozatosan: k\u00f6nnyebb \u00e9trenddel, jobb t\u00e1panyag-felsz\u00edv\u00f3d\u00e1ssal \u00e9s az em\u00e9szt\u0151rendszer kisebb terhel\u00e9s\u00e9vel. M\u00e1s sz\u00f3val:  <\/span><b>kevesebb er\u0151fesz\u00edt\u00e9s gyakran t\u00f6bb eredm\u00e9nyt hoz<\/b><span style=\"font-weight: 400;\">.<\/span><\/p>\n<h2><b>Hogyan illeszkedik ebbe a t\u00f6rt\u00e9netbe a t\u00f6nk\u00f6lyl\u00e9<\/b><\/h2>\n<p><span style=\"font-weight: 400;\">Energiakeres\u00e9s k\u00f6zben sokan stimul\u00e1nsokhoz ny\u00falnak. Febru\u00e1rban azonban a szervezetnek t\u00f6bbnyire nem stimul\u00e1ci\u00f3ra, hanem t\u00e1mogat\u00e1sra van sz\u00fcks\u00e9ge. <a href=\"https:\/\/eliksirvitalnosti.com\/proizvod\/sok-od-spelte\/\">A t\u00f6nk\u00f6lyl\u00e9<\/a> \u00e9ppen ez\u00e9rt gyakran ker\u00fcl el\u0151 ebben az id\u0151szakban. <\/span><\/p>\n<p><span style=\"font-weight: 400;\">Magas klorofill-, \u00e1sv\u00e1nyianyag- \u00e9s enzimtartalm\u00e1nak k\u00f6sz\u00f6nhet\u0151en a t\u00f6nk\u00f6lyl\u00e9 nem hat hirtelen \u00e9s \u201eer\u0151b\u0151l\u201d. Nem terheli meg az em\u00e9szt\u0151rendszert, \u00e9s nem okoz r\u00f6vid ideig tart\u00f3 energial\u00f6ketet, hanem hozz\u00e1j\u00e1rul a sejtek egyenletesebb oxig\u00e9n- \u00e9s t\u00e1panyagell\u00e1t\u00e1s\u00e1hoz. Sokan, akik haszn\u00e1lj\u00e1k, a hat\u00e1st \u00fagy \u00edrj\u00e1k le, mint az er\u0151 csendes visszat\u00e9r\u00e9s\u00e9t \u2013 idegess\u00e9g \u00e9s hirtelen visszaes\u00e9sek n\u00e9lk\u00fcl.  <\/span><\/p>\n<p><span style=\"font-weight: 400;\">Febru\u00e1rban, amikor a szervezet m\u00e1r eleve f\u00e1radt, ez a fajta t\u00e1mogat\u00e1s gyakran \u00e9rtelmesebb, mint b\u00e1rmi, ami tov\u00e1bb mer\u00edti.<\/span><\/p>\n<h2><b>Hogyan nyerheti vissza az energi\u00e1j\u00e1t kimer\u00fcl\u00e9s n\u00e9lk\u00fcl<\/b><\/h2>\n<p><span style=\"font-weight: 400;\">Ahelyett, hogy t\u00f6bbet v\u00e1rna el mag\u00e1t\u00f3l, pr\u00f3b\u00e1lja megadni a szervezet\u00e9nek azt, ami \u00e9ppen hi\u00e1nyzik. Ez enyhe, de k\u00f6vetkezetes v\u00e1ltoztat\u00e1sokat jelent: k\u00f6nnyebb \u00e9s t\u00e1pl\u00e1l\u00f3bb \u00e9trendet, t\u00f6bb nappali f\u00e9nyt, kevesebb stimul\u00e1nst \u00e9s olyan ritmust, amely teret ad a regener\u00e1l\u00f3d\u00e1snak. <\/span><\/p>\n<p><span style=\"font-weight: 400;\">A legfontosabb a szeml\u00e9letv\u00e1lt\u00e1s. Ebben az id\u0151szakban az energia nem \u201efelp\u00f6r\u00f6g\u201d, hanem  <\/span><b>meg\u00fajul<\/b><span style=\"font-weight: 400;\">. Ha a szervezetnek lehet\u0151s\u00e9get adunk a stabiliz\u00e1l\u00f3d\u00e1sra, az er\u0151 term\u00e9szetes m\u00f3don t\u00e9r vissza.<\/span><\/p>\n<p><span style=\"font-weight: 400;\">A febru\u00e1ri f\u00e1radts\u00e1g nem a lustas\u00e1g, \u00e9s nem a motiv\u00e1ci\u00f3 elveszt\u00e9s\u00e9nek jele. Ez annak a jelz\u00e9se, hogy a szervezet hosszabb ideje t\u00f6bbet adott, mint amennyit kapott. Ha ezt a jelz\u00e9st felismerj\u00fck, \u00e9s er\u0151ltet\u00e9s n\u00e9lk\u00fcl reag\u00e1lunk, a regener\u00e1l\u00f3d\u00e1s fokozatosan, de stabilan \u00e9rkezik meg.  <\/span><\/p>\n<p><span style=\"font-weight: 400;\">N\u00e9ha a legnagyobb l\u00e9p\u00e9s a jobb k\u00f6z\u00e9rzet fel\u00e9 \u00e9ppen az, hogy <\/span><b>abbahagyja a k\u00fczdelmet \u00f6nmaga ellen<\/b><span style=\"font-weight: 400;\">, \u00e9s elkezd egy\u00fcttm\u0171k\u00f6dni a saj\u00e1t test\u00e9vel.<\/span><\/p>\n","protected":false},"excerpt":{"rendered":"<p>Ha febru\u00e1rban f\u00e1radtnak, kedvetlennek \u00e9rzi mag\u00e1t, \u00e9s mintha az energi\u00e1ja \u201etartal\u00e9kon\u201d lenne, fontos, hogy tudjon egy dolgot: nem az \u00d6n<\/p>\n","protected":false},"author":809,"featured_media":31676,"comment_status":"open","ping_status":"open","sticky":false,"template":"","format":"standard","meta":{"_acf_changed":false,"footnotes":""},"categories":[370],"tags":[894,896,900,1020,936,858,560,842,1019,958,637,522,670],"class_list":["post-31675","post","type-post","status-publish","format-standard","has-post-thumbnail","hentry","category-blog-hu","tag-egeszseg","tag-egeszseges-elet","tag-egeszseges-taplalkozas","tag-egyensulyhiany","tag-hormonszabalyozas","tag-immunrendszer-gyengules","tag-klorofill","tag-kronikus-faradtsag","tag-oxigenhiany","tag-taplalkozas","tag-termeszetes-energiaforrasok","tag-tonkolyle","tag-vitaminok-es-asvanyi-anyagok"],"acf":[],"_links":{"self":[{"href":"https:\/\/eliksirvitalnosti.com\/hu\/wp-json\/wp\/v2\/posts\/31675","targetHints":{"allow":["GET"]}}],"collection":[{"href":"https:\/\/eliksirvitalnosti.com\/hu\/wp-json\/wp\/v2\/posts"}],"about":[{"href":"https:\/\/eliksirvitalnosti.com\/hu\/wp-json\/wp\/v2\/types\/post"}],"author":[{"embeddable":true,"href":"https:\/\/eliksirvitalnosti.com\/hu\/wp-json\/wp\/v2\/users\/809"}],"replies":[{"embeddable":true,"href":"https:\/\/eliksirvitalnosti.com\/hu\/wp-json\/wp\/v2\/comments?post=31675"}],"version-history":[{"count":0,"href":"https:\/\/eliksirvitalnosti.com\/hu\/wp-json\/wp\/v2\/posts\/31675\/revisions"}],"wp:featuredmedia":[{"embeddable":true,"href":"https:\/\/eliksirvitalnosti.com\/hu\/wp-json\/wp\/v2\/media\/31676"}],"wp:attachment":[{"href":"https:\/\/eliksirvitalnosti.com\/hu\/wp-json\/wp\/v2\/media?parent=31675"}],"wp:term":[{"taxonomy":"category","embeddable":true,"href":"https:\/\/eliksirvitalnosti.com\/hu\/wp-json\/wp\/v2\/categories?post=31675"},{"taxonomy":"post_tag","embeddable":true,"href":"https:\/\/eliksirvitalnosti.com\/hu\/wp-json\/wp\/v2\/tags?post=31675"}],"curies":[{"name":"wp","href":"https:\/\/api.w.org\/{rel}","templated":true}]}}