{"id":32144,"date":"2026-02-26T09:20:38","date_gmt":"2026-02-26T09:20:38","guid":{"rendered":"https:\/\/eliksirvitalnosti.com\/novenyi-etrend-hianybetegsegek-nelkul-mit-es-mikor-ellenoriztessunk-a-verkepben\/"},"modified":"2026-02-26T09:22:16","modified_gmt":"2026-02-26T09:22:16","slug":"novenyi-etrend-hianybetegsegek-nelkul-mit-es-mikor-ellenoriztessunk-a-verkepben","status":"publish","type":"post","link":"https:\/\/eliksirvitalnosti.com\/hu\/novenyi-etrend-hianybetegsegek-nelkul-mit-es-mikor-ellenoriztessunk-a-verkepben\/","title":{"rendered":"N\u00f6v\u00e9nyi \u00e9trend hi\u00e1nybetegs\u00e9gek n\u00e9lk\u00fcl: mit \u00e9s mikor ellen\u0151riztess\u00fcnk a v\u00e9rk\u00e9pben"},"content":{"rendered":"<p><span style=\"font-weight: 400;\">A n\u00f6v\u00e9nyi \u00e9trend rendk\u00edv\u00fcl t\u00e1mogat\u00f3 lehet az eg\u00e9szs\u00e9gre n\u00e9zve \u2013 de csak akkor, ha <\/span><b>tudatosan \u00e9s hossz\u00fa t\u00e1von<\/b> k\u00f6vetik<span style=\"font-weight: 400;\">. A veget\u00e1ri\u00e1nus \u00e9s veg\u00e1n \u00e9trend egyik leggyakoribb hib\u00e1ja az \u00e9rz\u00e9sekre (\u201ej\u00f3l \u00e9tkezem\u201d) val\u00f3 hagyatkoz\u00e1s az  <\/span><b>objekt\u00edv mutat\u00f3k<\/b><span style=\"font-weight: 400;\">. helyett. Pontosan itt j\u00e1tszik kulcsszerepet a v\u00e9rk\u00e9p.<\/span><\/p>\n<p><span style=\"font-weight: 400;\">A n\u00f6v\u00e9nyi \u00e9trendn\u00e9l jelentkez\u0151 hi\u00e1nybetegs\u00e9gekkel nem az a probl\u00e9ma, hogy gyorsan alakulnak ki, hanem az, hogy <\/span><b>gyakran csendben fejl\u0151dnek ki<\/b><span style=\"font-weight: 400;\">. A szervezet kezdetben a megl\u00e9v\u0151 tartal\u00e9kokat haszn\u00e1lja fel, \u00edgy az els\u0151 t\u00fcnetek csak n\u00e9h\u00e1ny h\u00f3nap vagy ak\u00e1r egy \u00e9v eltelt\u00e9vel jelentkeznek. Ez\u00e9rt fontos tudni, hogy   <\/span><b>mit \u00e9s mikor ellen\u0151riztess\u00fcnk<\/b><span style=\"font-weight: 400;\">.<\/span><\/p>\n<h2><b>Mi\u00e9rt jelent k\u00fcl\u00f6nbs\u00e9get a v\u00e9rk\u00e9p<\/b><\/h2>\n<p><span style=\"font-weight: 400;\">A f\u00e1radts\u00e1got, az energiaszint cs\u00f6kken\u00e9s\u00e9t, a gyeng\u00e9bb koncentr\u00e1ci\u00f3t vagy a rosszabb em\u00e9szt\u00e9st gyakran a stressznek vagy a \u201erohan\u00f3 temp\u00f3nak\u201d tulajdon\u00edtj\u00e1k. Azonban nagyon gyakran enyhe, de tart\u00f3s t\u00e1panyag-egyens\u00falyhi\u00e1ny \u00e1ll a h\u00e1tt\u00e9rben, amely egy\u00e9rtelm\u0171en kimutathat\u00f3 a laborat\u00f3riumi leletekb\u0151l. <\/span><\/p>\n<p><span style=\"font-weight: 400;\">A v\u00e9rk\u00e9p lehet\u0151v\u00e9 teszi, hogy \u00d6n:<\/span><\/p>\n<ul>\n<li style=\"font-weight: 400;\" aria-level=\"1\"><span style=\"font-weight: 400;\">id\u0151ben \u00e9szlelje a potenci\u00e1lis hi\u00e1nyt<\/span><\/li>\n<li style=\"font-weight: 400;\" aria-level=\"1\"><span style=\"font-weight: 400;\">megk\u00fcl\u00f6nb\u00f6ztesse az \u00e1tmeneti f\u00e1radts\u00e1got a val\u00f3di probl\u00e9m\u00e1t\u00f3l<\/span><\/li>\n<li style=\"font-weight: 400;\" aria-level=\"1\"><span style=\"font-weight: 400;\">m\u00f3dos\u00edtsa \u00e9trendj\u00e9t \u00e9s a t\u00e1mogat\u00e1st, miel\u0151tt az \u00e1llapot rosszabbodna<\/span><\/li>\n<\/ul>\n<h2><b>Mit fontos ellen\u0151rizni a n\u00f6v\u00e9nyi \u00e9trendn\u00e9l<\/b><\/h2>\n<p><span style=\"font-weight: 400;\">A veget\u00e1ri\u00e1nus \u00e9s veg\u00e1n \u00e9trend eset\u00e9n a figyelem leggyakrabban n\u00e9h\u00e1ny kulcsfontoss\u00e1g\u00fa param\u00e9terre ir\u00e1nyul.<\/span><\/p>\n<p><b>Vas \u00e9s v\u00e9rk\u00e9p<\/b><span style=\"font-weight: 400;\"><br \/>\n<\/span><span style=\"font-weight: 400;\">A hemoglobin, az eritrocit\u00e1k \u00e9s a ferritin val\u00f3s k\u00e9pet adnak a szervezet vasell\u00e1totts\u00e1g\u00e1r\u00f3l. K\u00fcl\u00f6n\u00f6sen fontos a ferritin nyomon k\u00f6vet\u00e9se, mivel ez mutatja meg a   <\/span><b>vastartal\u00e9kokat<\/b><span style=\"font-weight: 400;\">, amelyek gyakran m\u00e1r azel\u0151tt cs\u00f6kkennek, hogy a v\u00e9rszeg\u00e9nys\u00e9g \u00e9szlelhet\u0151v\u00e9 v\u00e1lna.<\/span><\/p>\n<p><b>B12-vitamin<\/b><span style=\"font-weight: 400;\"><br \/>\n<\/span><span style=\"font-weight: 400;\">A B12-vitamin n\u00e9lk\u00fcl\u00f6zhetetlen az idegrendszer \u00e9s a v\u00e9rsejtek k\u00e9pz\u0151d\u00e9se szempontj\u00e1b\u00f3l. N\u00f6v\u00e9nyi \u00e9trend eset\u00e9n a p\u00f3tl\u00e1sa felel\u0151ss\u00e9gteljes gyakorlat, a szintek id\u0151szakos ellen\u0151rz\u00e9se pedig seg\u00edt elker\u00fclni a hossz\u00fa t\u00e1v\u00fa probl\u00e9m\u00e1kat. <\/span><\/p>\n<p><b>D-vitamin<\/b><span style=\"font-weight: 400;\"><br \/>\n<\/span><span style=\"font-weight: 400;\">Gyakran alacsony sok embern\u00e9l, az \u00e9trend t\u00edpus\u00e1t\u00f3l f\u00fcggetlen\u00fcl. A n\u00f6v\u00e9nyi alap\u00fa \u00e9trendekn\u00e9l az immunrendszer \u00e9s az energia miatt kiemelt jelent\u0151s\u00e9ggel b\u00edr. <\/span><\/p>\n<p><b>A szervezet \u00e1llapot\u00e1nak \u00e1ltal\u00e1nos mutat\u00f3i<\/b><span style=\"font-weight: 400;\"><br \/>\n<\/span><span style=\"font-weight: 400;\">Az olyan param\u00e9terek, mint az MCV, MCH, CRP vagy a gl\u00fck\u00f3z, \u00e1tfog\u00f3bb k\u00e9pet adhatnak a szervezet m\u0171k\u00f6d\u00e9s\u00e9r\u0151l \u00e9s az esetleges kr\u00f3nikus terhel\u00e9sr\u0151l.<\/span><\/p>\n<h2><b>Mikor ellen\u0151riztess\u00fck a v\u00e9rk\u00e9pet?<\/b><\/h2>\n<p><span style=\"font-weight: 400;\">Ha \u00d6n most t\u00e9r \u00e1t a n\u00f6v\u00e9nyi \u00e9trendre, javasolt, hogy:<\/span><\/p>\n<ul>\n<li style=\"font-weight: 400;\" aria-level=\"1\"><span style=\"font-weight: 400;\">k\u00e9sz\u00edttessen <\/span><b>alapleleteket<\/b><span style=\"font-weight: 400;\"> (viszony\u00edt\u00e1si pontk\u00e9nt)<\/span><\/li>\n<li style=\"font-weight: 400;\" aria-level=\"1\"><span style=\"font-weight: 400;\">ism\u00e9telje meg a vizsg\u00e1latokat <\/span><b>6 h\u00f3nap<\/b> eltelt\u00e9vel<\/li>\n<li style=\"font-weight: 400;\" aria-level=\"1\"><span style=\"font-weight: 400;\">majd \u00e9vente egyszer, ha az \u00e9rt\u00e9kek stabilak<\/span><\/li>\n<\/ul>\n<p><span style=\"font-weight: 400;\">Kr\u00f3nikus f\u00e1radts\u00e1g, kimer\u00fclts\u00e9g vagy az energiaszint cs\u00f6kken\u00e9se eset\u00e9n az ellen\u0151rz\u00e9s kor\u00e1bban is elv\u00e9gezhet\u0151 \u2013 nem riaszt\u00e1sk\u00e9nt, hanem <\/span><b>megel\u0151z\u0151 int\u00e9zked\u00e9sk\u00e9nt<\/b><span style=\"font-weight: 400;\">.<\/span><\/p>\n<h2><b>Hogyan illeszkedik ebbe a t\u00f6rt\u00e9netbe a t\u00f6nk\u00f6lyl\u00e9<\/b><\/h2>\n<p><span style=\"font-weight: 400;\">A gyakorlatban sokak sz\u00e1m\u00e1ra kih\u00edv\u00e1st jelent, hogy az \u00e9tkez\u00e9seken kereszt\u00fcl nap mint nap optim\u00e1lis t\u00e1mogat\u00e1st ny\u00fajtsanak a szervezetnek. Itt a <a href=\"https:\/\/eliksirvitalnosti.com\/proizvod\/sok-od-spelte\/\">t\u00f6nk\u00f6lyb\u00fazal\u00e9<\/a> gyakran haszn\u00e1latos mint   <\/span><b>a n\u00f6v\u00e9nyi \u00e9trend funkcion\u00e1lis kieg\u00e9sz\u00edt\u0151je<\/b><span style=\"font-weight: 400;\">.<\/span><\/p>\n<p><span style=\"font-weight: 400;\">Klorofilltartalma miatt, amely szerkezetileg a hemoglobinhoz kapcsol\u00f3dik, a t\u00f6nk\u00f6lyb\u00fazal\u00e9t gyakran \u00f6sszef\u00fcgg\u00e9sbe hozz\u00e1k a k\u00f6vetkez\u0151kkel:<\/span><\/p>\n<ul>\n<li style=\"font-weight: 400;\" aria-level=\"1\"><span style=\"font-weight: 400;\">a v\u00e9rk\u00e9p t\u00e1mogat\u00e1sa<\/span><\/li>\n<li style=\"font-weight: 400;\" aria-level=\"1\"><span style=\"font-weight: 400;\">a sejtek jobb oxig\u00e9nell\u00e1t\u00e1sa<\/span><\/li>\n<li style=\"font-weight: 400;\" aria-level=\"1\"><span style=\"font-weight: 400;\">stabilabb energiaszint<\/span><\/li>\n<\/ul>\n<p><span style=\"font-weight: 400;\">El\u0151nye, hogy k\u00f6nnyen em\u00e9szthet\u0151, nem terheli meg az em\u00e9szt\u0151rendszert, \u00e9s egyszer\u0171en beilleszthet\u0151 a napi rutinba \u2013 k\u00fcl\u00f6n\u00f6sen azokn\u00e1l, akik n\u00f6v\u00e9nyi \u00e9trendet k\u00f6vetnek, \u00e9s hossz\u00fa t\u00e1v\u00fa stabilit\u00e1sra v\u00e1gynak a r\u00f6vid t\u00e1v\u00fa megold\u00e1sok helyett.<\/span><\/p>\n<h2><b>Hogyan gondolkodjunk a megel\u0151z\u00e9sr\u0151l a probl\u00e9ma helyett<\/b><\/h2>\n<p><span style=\"font-weight: 400;\">A hi\u00e1nybetegs\u00e9gekt\u0151l mentes n\u00f6v\u00e9nyi \u00e9trend nem perfekcionizmust, hanem <\/span><b>odafigyel\u00e9st \u00e9s folytonoss\u00e1got<\/b> ig\u00e9nyel<span style=\"font-weight: 400;\">. A v\u00e9rk\u00e9p rendszeres nyomon k\u00f6vet\u00e9se nem annak a jele, hogy valami nincs rendben, hanem annak, hogy \u00d6n felel\u0151ss\u00e9gteljesen \u00e1ll az eg\u00e9szs\u00e9g\u00e9hez.<\/span><\/p>\n<p><span style=\"font-weight: 400;\">A veget\u00e1ri\u00e1nus \u00e9s veg\u00e1n \u00e9trend lehet stabil \u00e9s fenntarthat\u00f3 \u2013 de nem v\u00e9letlenszer\u0171. A v\u00e9rk\u00e9p az \u00d6n sz\u00f6vets\u00e9gese, mert megmutatja azt, amit a test nem mindig mond ki hangosan. <\/span><\/p>\n<p><span style=\"font-weight: 400;\">Ha tudja, <\/span><b>mit \u00e9s mikor ellen\u0151riztessen<\/b><span style=\"font-weight: 400;\">, a hi\u00e1nybetegs\u00e9gek megsz\u0171nnek kock\u00e1zatnak lenni, a n\u00f6v\u00e9nyi \u00e9trend pedig az energia, az immunit\u00e1s \u00e9s a hossz\u00fa t\u00e1v\u00fa eg\u00e9szs\u00e9g er\u0151teljes t\u00e1mogat\u00f3j\u00e1v\u00e1 v\u00e1lik.<\/span><\/p>\n<p><span style=\"font-weight: 400;\">Az eg\u00e9szs\u00e9g nem v\u00e1rhat.<\/span><span style=\"font-weight: 400;\"><br \/>\n<\/span><span style=\"font-weight: 400;\">Azt figyelni, \u00e9rteni \u00e9s \u00e9p\u00edteni kell \u2013 l\u00e9p\u00e9sr\u0151l l\u00e9p\u00e9sre.<\/span><\/p>\n","protected":false},"excerpt":{"rendered":"<p>A n\u00f6v\u00e9nyi \u00e9trend rendk\u00edv\u00fcl t\u00e1mogat\u00f3 lehet az eg\u00e9szs\u00e9gre n\u00e9zve \u2013 de csak akkor, ha tudatosan \u00e9s hossz\u00fa t\u00e1von k\u00f6vetik. A<\/p>\n","protected":false},"author":809,"featured_media":32148,"comment_status":"open","ping_status":"open","sticky":false,"template":"","format":"standard","meta":{"_acf_changed":false,"footnotes":""},"categories":[370],"tags":[1022,1045,857,894,900,1020,841,924,560,1044,958,578,976,582],"class_list":["post-32144","post","type-post","status-publish","format-standard","has-post-thumbnail","hentry","category-blog-hu","tag-b-vitamin-komplex","tag-b12-vitamin","tag-d-vitamin","tag-egeszseg","tag-egeszseges-taplalkozas","tag-egyensulyhiany","tag-etrend-kiegeszitok","tag-hemoglobin","tag-klorofill","tag-novenyi-etrend","tag-taplalkozas","tag-vas","tag-verkep","tag-verszegenyseg"],"acf":[],"_links":{"self":[{"href":"https:\/\/eliksirvitalnosti.com\/hu\/wp-json\/wp\/v2\/posts\/32144","targetHints":{"allow":["GET"]}}],"collection":[{"href":"https:\/\/eliksirvitalnosti.com\/hu\/wp-json\/wp\/v2\/posts"}],"about":[{"href":"https:\/\/eliksirvitalnosti.com\/hu\/wp-json\/wp\/v2\/types\/post"}],"author":[{"embeddable":true,"href":"https:\/\/eliksirvitalnosti.com\/hu\/wp-json\/wp\/v2\/users\/809"}],"replies":[{"embeddable":true,"href":"https:\/\/eliksirvitalnosti.com\/hu\/wp-json\/wp\/v2\/comments?post=32144"}],"version-history":[{"count":0,"href":"https:\/\/eliksirvitalnosti.com\/hu\/wp-json\/wp\/v2\/posts\/32144\/revisions"}],"wp:featuredmedia":[{"embeddable":true,"href":"https:\/\/eliksirvitalnosti.com\/hu\/wp-json\/wp\/v2\/media\/32148"}],"wp:attachment":[{"href":"https:\/\/eliksirvitalnosti.com\/hu\/wp-json\/wp\/v2\/media?parent=32144"}],"wp:term":[{"taxonomy":"category","embeddable":true,"href":"https:\/\/eliksirvitalnosti.com\/hu\/wp-json\/wp\/v2\/categories?post=32144"},{"taxonomy":"post_tag","embeddable":true,"href":"https:\/\/eliksirvitalnosti.com\/hu\/wp-json\/wp\/v2\/tags?post=32144"}],"curies":[{"name":"wp","href":"https:\/\/api.w.org\/{rel}","templated":true}]}}