{"id":33634,"date":"2026-03-12T11:37:21","date_gmt":"2026-03-12T11:37:21","guid":{"rendered":"https:\/\/eliksirvitalnosti.com\/autoimmun-betegsegek-es-nok\/"},"modified":"2026-03-12T11:37:21","modified_gmt":"2026-03-12T11:37:21","slug":"autoimmun-betegsegek-es-nok","status":"publish","type":"post","link":"https:\/\/eliksirvitalnosti.com\/hu\/autoimmun-betegsegek-es-nok\/","title":{"rendered":"Autoimmun betegs\u00e9gek \u00e9s n\u0151k"},"content":{"rendered":"<h2><b>Mi\u00e9rt m\u00e1s a n\u0151i immunrendszer?<\/b><\/h2>\n<p><span style=\"font-weight: 400;\">F\u00e1radts\u00e1g, ami nem m\u00falik el.<\/span><span style=\"font-weight: 400;\"><br \/>\n<\/span><span style=\"font-weight: 400;\">F\u00e1jdalmak, amelyek egy\u00e9rtelm\u0171 ok n\u00e9lk\u00fcl jelentkeznek.<\/span><span style=\"font-weight: 400;\"><br \/>\n<\/span><span style=\"font-weight: 400;\">K\u00f6d a fejben. Hangulatingadoz\u00e1sok. <\/span><\/p>\n<p><span style=\"font-weight: 400;\">Sok n\u0151 \u00e9vekig keresi a v\u00e1laszt, mire megkapja az autoimmun betegs\u00e9g diagn\u00f3zis\u00e1t. Azt\u00e1n felmer\u00fcl a k\u00e9rd\u00e9s: mi\u00e9rt \u00e9ppen a n\u0151k? <\/span><\/p>\n<p><span style=\"font-weight: 400;\">A statisztik\u00e1k szerint az autoimmun betegs\u00e9ggel \u00e9l\u0151k mintegy 75%-a n\u0151. Ez nem v\u00e9letlen. Ez a biol\u00f3gia, a hormonok \u00e9s az \u00e9letm\u00f3d \u00f6sszj\u00e1t\u00e9ka.<\/span><\/p>\n<h2><b>A n\u0151i immunrendszer er\u0151sebb \u2013 de \u00e9rz\u00e9kenyebb is<\/b><\/h2>\n<p><span style=\"font-weight: 400;\">A n\u0151i test term\u00e9szet\u00e9n\u00e9l fogva v\u00e9delemre van \u201eprogramozva\u201d. A reprodukt\u00edv id\u0151szakban az immunrendszernek el\u00e9g er\u0151snek kell lennie a szervezet v\u00e9delm\u00e9hez, ugyanakkor el\u00e9g rugalmasnak is, hogy a terhess\u00e9get \u201esaj\u00e1tk\u00e9nt\u201d, ne pedig fenyeget\u00e9sk\u00e9nt ismerje fel. <\/span><\/p>\n<p><span style=\"font-weight: 400;\">Ez\u00e9rt a n\u0151k \u00e1tlagosan er\u0151sebb immunv\u00e1lasszal rendelkeznek. Amikor azonban felborul az egyens\u00faly, ugyanez az er\u0151 t\u00falzott reakci\u00f3v\u00e1 v\u00e1lhat. Ilyenkor az immunrendszer m\u00e1r nem k\u00fcl\u00f6n\u00edti el egy\u00e9rtelm\u0171en a k\u00fcls\u0151 t\u00e1mad\u00e1st a saj\u00e1t sz\u00f6vetekt\u0151l.  <\/span><\/p>\n<p><span style=\"font-weight: 400;\">\u00c9s ekkor indul el az autoimmun folyamat.<\/span><\/p>\n<h2><b>Hormonok \u00e9s stressz \u2013 a lefoly\u00e1st megv\u00e1ltoztat\u00f3 kombin\u00e1ci\u00f3<\/b><\/h2>\n<p><span style=\"font-weight: 400;\">Sok n\u0151 \u00e9szreveszi, hogy a t\u00fcnetei hormon\u00e1lis v\u00e1ltoz\u00e1sok idej\u00e9n rosszabbodnak \u2013 a ciklus bizonyos szakaszaiban, sz\u00fcl\u00e9s ut\u00e1n vagy perimenopauz\u00e1ban. A hormonok, k\u00fcl\u00f6n\u00f6sen az \u00f6sztrog\u00e9n, befoly\u00e1solj\u00e1k az immunv\u00e1lasz er\u0151ss\u00e9g\u00e9t. <\/span><\/p>\n<p><span style=\"font-weight: 400;\">Ha ehhez kr\u00f3nikus stressz t\u00e1rsul, amely felbor\u00edtja a gyullad\u00e1sos folyamatok szab\u00e1lyoz\u00e1s\u00e1t, a szervezet tart\u00f3s bels\u0151 fesz\u00fclts\u00e9g \u00e1llapot\u00e1ba ker\u00fclhet.<\/span><\/p>\n<p><span style=\"font-weight: 400;\">A modern n\u0151 gyakran egyszerre t\u00f6bb szerepet is visel. A f\u00e1radts\u00e1g, az \u00e9rzelmek \u00e9s a kimer\u00fclts\u00e9g hossz\u00fa ideig tart\u00f3 elfojt\u00e1s\u00e1t a test \u201emegjegyzi\u201d. Egy ponton az immunrendszer mindenre reag\u00e1lni kezd \u2013 m\u00e9g a saj\u00e1t sejtekre is.  <\/span><\/p>\n<p><span style=\"font-weight: 400;\">\u00c9rdekes, hogy a n\u0151k gyakrabban \u00e9ppen nagy \u00e9lethelyzeti v\u00e1ltoz\u00e1sok id\u0151szak\u00e1ban fejlesztenek ki autoimmun betegs\u00e9geket \u2013 terhess\u00e9g ut\u00e1n, perimenopauz\u00e1ban vagy hosszan tart\u00f3 stressz alatt. Kutat\u00e1sok szerint m\u00e9g a kr\u00f3nikus alv\u00e1szavar is n\u00f6velheti a szervezetben a proinflammatorikus markerek szintj\u00e9t, ami tov\u00e1bb fokozza az immunegyens\u00faly felborul\u00e1s\u00e1t. <\/span><\/p>\n<p><span style=\"font-weight: 400;\">Emellett az autoimmun betegs\u00e9ggel \u00e9l\u0151 n\u0151k gyakran kifejezettebb \u00e9rz\u00e9kenys\u00e9get mutatnak a gyullad\u00e1sos folyamatokra, mert az immunrendszer\u00fck term\u00e9szet\u00e9n\u00e9l fogva intenz\u00edvebben reag\u00e1l, mint a f\u00e9rfiak\u00e9. Ez a fert\u0151z\u00e9sek elleni k\u00fczdelemben el\u0151nyt jelent\u0151 biol\u00f3giai saj\u00e1toss\u00e1g paradox m\u00f3don n\u00f6velheti annak kock\u00e1zat\u00e1t, hogy a szervezet t\u00falzottan reag\u00e1l a saj\u00e1t sz\u00f6veteire. <\/span><\/p>\n<h2><b>F\u00e1radts\u00e1g, ami nem \u201ecsak\u201d f\u00e1radts\u00e1g<\/b><\/h2>\n<p><span style=\"font-weight: 400;\">Az autoimmun betegs\u00e9gek egyik leggyakoribb t\u00fcnete a m\u00e9ly, kr\u00f3nikus f\u00e1radts\u00e1g. Nem m\u00falik el alv\u00e1s ut\u00e1n. Nem t\u0171nik el h\u00e9tv\u00e9g\u00e9n. Ez annak a jele, hogy a szervezet folyamatosan energi\u00e1t haszn\u00e1l fel a bels\u0151 k\u00fczdelemre.   <\/span><\/p>\n<p><span style=\"font-weight: 400;\">Ilyen \u00e1llapotokban fontos nemcsak a t\u00fcnetek enyh\u00edt\u00e9se, hanem a test t\u00e1mogat\u00e1sa sejtszinten is \u2013 antioxid\u00e1nsokkal, \u00e1sv\u00e1nyi anyagokkal \u00e9s t\u00e1panyagokkal, amelyek r\u00e9szt vesznek az immunv\u00e1lasz szab\u00e1lyoz\u00e1s\u00e1ban \u00e9s az oxidat\u00edv stressz cs\u00f6kkent\u00e9s\u00e9ben.<\/span><\/p>\n<p><span style=\"font-weight: 400;\">Ebben jelent\u0151s szerep\u00fck lehet a fiatal z\u00f6ld n\u00f6v\u00e9nyeknek, p\u00e9ld\u00e1ul a t\u00f6nk\u00f6lynek a korai n\u00f6veked\u00e9si szakaszban. A z\u00f6ld <a href=\"https:\/\/eliksirvitalnosti.com\/proizvod\/sok-od-spelte\/\">t\u00f6nk\u00f6lyl\u00e9<\/a> term\u00e9szetes m\u00f3don gazdag klorofillban, vitaminokban \u00e9s \u00e1sv\u00e1nyi anyagokban, amelyek hozz\u00e1j\u00e1rulnak a szervezet oxidat\u00edv terhel\u00e9s\u00e9nek cs\u00f6kkent\u00e9s\u00e9hez \u00e9s az \u00e1ltal\u00e1nos egyens\u00faly t\u00e1mogat\u00e1s\u00e1hoz. <\/span><\/p>\n<p><span style=\"font-weight: 400;\">B\u00e1r nem gy\u00f3gyszer az autoimmun betegs\u00e9gekre, a t\u00e1mogat\u00e1s sz\u00e9lesebb strat\u00e9gi\u00e1j\u00e1nak r\u00e9sze lehet \u2013 k\u00fcl\u00f6n\u00f6sen a kimer\u00fclts\u00e9g id\u0151szakaiban, amikor a szervezetnek extra t\u00e1panyag-stabilit\u00e1sra van sz\u00fcks\u00e9ge.<\/span><\/p>\n<h2><b>Az er\u0151 az egyens\u00falyban rejlik<\/b><\/h2>\n<p><span style=\"font-weight: 400;\">Az autoimmun betegs\u00e9gek nem a gyenges\u00e9g jelei. Gyakran annak a jelz\u00e9sei, hogy a szervezet t\u00fal sok\u00e1ig volt t\u00fal\u00e9l\u0151 \u00fczemm\u00f3dban. <\/span><\/p>\n<p><span style=\"font-weight: 400;\">A n\u0151i immunrendszer er\u0151s. De egyens\u00falyra van sz\u00fcks\u00e9ge \u2013 alv\u00e1sban, t\u00e1pl\u00e1lkoz\u00e1sban, stresszkezel\u00e9sben \u00e9s pihen\u00e9sben. Id\u0151 kell a regener\u00e1l\u00f3d\u00e1shoz, t\u00e9r a fell\u00e9legz\u00e9shez \u00e9s bels\u0151 t\u00e1mogat\u00e1s.  <\/span><\/p>\n<p><span style=\"font-weight: 400;\">Tal\u00e1n nem az a val\u00f3di k\u00e9rd\u00e9s, hogy mi\u00e9rt betegednek meg a n\u0151k gyakrabban.<\/span><span style=\"font-weight: 400;\"><br \/>\n<\/span><span style=\"font-weight: 400;\">Tal\u00e1n az a k\u00e9rd\u00e9s: meddig tudnak sz\u00fcnet n\u00e9lk\u00fcl er\u0151sek maradni?<\/span><\/p>\n<p><span style=\"font-weight: 400;\">Mert az er\u0151 nem abban van, hogy mindent kib\u00edrsz.<\/span><span style=\"font-weight: 400;\"><br \/>\n<\/span><span style=\"font-weight: 400;\">Az er\u0151 abban van, hogy megtanulsz id\u0151ben gondoskodni magadr\u00f3l.<\/span><\/p>\n","protected":false},"excerpt":{"rendered":"<p>Mi\u00e9rt m\u00e1s a n\u0151i immunrendszer? F\u00e1radts\u00e1g, ami nem m\u00falik el. F\u00e1jdalmak, amelyek egy\u00e9rtelm\u0171 ok n\u00e9lk\u00fcl jelentkeznek. K\u00f6d a fejben. Hangulatingadoz\u00e1sok.<\/p>\n","protected":false},"author":809,"featured_media":33635,"comment_status":"open","ping_status":"open","sticky":false,"template":"","format":"standard","meta":{"_acf_changed":false,"footnotes":""},"categories":[370],"tags":[893,567,601,1033,632,936,527,1001,1076,1056,631,1029,670],"class_list":["post-33634","post","type-post","status-publish","format-standard","has-post-thumbnail","hentry","category-blog-hu","tag-antioxidansok","tag-autoimmun-betegsegek","tag-autoimmun-betegsegek-2","tag-gyulladasos-folyamat","tag-hormonalis-egyensulyhiany","tag-hormonszabalyozas","tag-immunitas","tag-immunrendszer","tag-kronikus-gyulladas-2","tag-osztrogen","tag-stressz","tag-terhesseg","tag-vitaminok-es-asvanyi-anyagok"],"acf":[],"_links":{"self":[{"href":"https:\/\/eliksirvitalnosti.com\/hu\/wp-json\/wp\/v2\/posts\/33634","targetHints":{"allow":["GET"]}}],"collection":[{"href":"https:\/\/eliksirvitalnosti.com\/hu\/wp-json\/wp\/v2\/posts"}],"about":[{"href":"https:\/\/eliksirvitalnosti.com\/hu\/wp-json\/wp\/v2\/types\/post"}],"author":[{"embeddable":true,"href":"https:\/\/eliksirvitalnosti.com\/hu\/wp-json\/wp\/v2\/users\/809"}],"replies":[{"embeddable":true,"href":"https:\/\/eliksirvitalnosti.com\/hu\/wp-json\/wp\/v2\/comments?post=33634"}],"version-history":[{"count":0,"href":"https:\/\/eliksirvitalnosti.com\/hu\/wp-json\/wp\/v2\/posts\/33634\/revisions"}],"wp:featuredmedia":[{"embeddable":true,"href":"https:\/\/eliksirvitalnosti.com\/hu\/wp-json\/wp\/v2\/media\/33635"}],"wp:attachment":[{"href":"https:\/\/eliksirvitalnosti.com\/hu\/wp-json\/wp\/v2\/media?parent=33634"}],"wp:term":[{"taxonomy":"category","embeddable":true,"href":"https:\/\/eliksirvitalnosti.com\/hu\/wp-json\/wp\/v2\/categories?post=33634"},{"taxonomy":"post_tag","embeddable":true,"href":"https:\/\/eliksirvitalnosti.com\/hu\/wp-json\/wp\/v2\/tags?post=33634"}],"curies":[{"name":"wp","href":"https:\/\/api.w.org\/{rel}","templated":true}]}}