{"id":37876,"date":"2026-04-30T12:05:22","date_gmt":"2026-04-30T12:05:22","guid":{"rendered":"https:\/\/eliksirvitalnosti.com\/az-egeszseg-holisztikus-megkozelitese-miert-nem-kuld-soha-a-test-csak-egyetlen-jelet\/"},"modified":"2026-04-30T12:05:22","modified_gmt":"2026-04-30T12:05:22","slug":"az-egeszseg-holisztikus-megkozelitese-miert-nem-kuld-soha-a-test-csak-egyetlen-jelet","status":"publish","type":"post","link":"https:\/\/eliksirvitalnosti.com\/hu\/az-egeszseg-holisztikus-megkozelitese-miert-nem-kuld-soha-a-test-csak-egyetlen-jelet\/","title":{"rendered":"Az eg\u00e9szs\u00e9g holisztikus megk\u00f6zel\u00edt\u00e9se \u2013 mi\u00e9rt nem k\u00fcld soha a test csak egyetlen jelet"},"content":{"rendered":"<p><span style=\"font-weight: 400;\">H\u00e1nyszor mondtuk m\u00e1r: \u201e\u00c1, ez csak f\u00e1radts\u00e1g\u201d, \u201eCsak egy kicsit f\u00e1j a hasam\u201d vagy \u201eMajd mag\u00e1t\u00f3l elm\u00falik\u201d?<\/span><\/p>\n<p><span style=\"font-weight: 400;\">A modern gondolkod\u00e1sm\u00f3dban hozz\u00e1szoktunk ahhoz, hogy a t\u00fcneteket k\u00fcl\u00f6n\u00e1ll\u00f3 probl\u00e9m\u00e1kk\u00e9nt kezelj\u00fck. A fejf\u00e1j\u00e1s az fejf\u00e1j\u00e1s. A f\u00e1radts\u00e1g az f\u00e1radts\u00e1g. Az em\u00e9szt\u00e9si probl\u00e9m\u00e1k valami harmadik dolog.   <\/span><\/p>\n<p><span style=\"font-weight: 400;\">De a test nem \u00edgy m\u0171k\u00f6dik.<\/span><\/p>\n<p><span style=\"font-weight: 400;\">Val\u00f3j\u00e1ban a szervezet soha nem k\u00fcld csak egyetlen jelet.<\/span><\/p>\n<h2><b>A test eg\u00e9szk\u00e9nt m\u0171k\u00f6dik<\/b><\/h2>\n<p><span style=\"font-weight: 400;\">Test\u00fcnk egy rendszer, amelyben minden \u00f6sszef\u00fcgg.<\/span><\/p>\n<p><span style=\"font-weight: 400;\">Az idegrendszer, a hormonok, az em\u00e9szt\u0151rendszer, az immunit\u00e1s \u2013 mindez egy eg\u00e9sz r\u00e9szei. Amikor egy szegmens kibillen az egyens\u00falyb\u00f3l, a k\u00f6vetkezm\u00e9nyek nem korl\u00e1toz\u00f3dnak csak egy helyre. <\/span><\/p>\n<p><span style=\"font-weight: 400;\">P\u00e9ld\u00e1ul a kr\u00f3nikus stressz nem csak a hangulatra van hat\u00e1ssal. Befoly\u00e1solhatja az em\u00e9szt\u00e9st, az alv\u00e1s min\u0151s\u00e9g\u00e9t, a hormon\u00e1lis egyens\u00falyt \u00e9s az energiaszintet. <\/span><\/p>\n<p><span style=\"font-weight: 400;\">Hasonl\u00f3k\u00e9ppen, a rossz t\u00e1pl\u00e1lkoz\u00e1s nemcsak a tests\u00falyra van hat\u00e1ssal, hanem az immunit\u00e1sra, a koncentr\u00e1ci\u00f3ra \u00e9s a szervezet \u00e1ltal\u00e1nos \u00e1llapot\u00e1ra is.<\/span><\/p>\n<p><span style=\"font-weight: 400;\">Ez\u00e9rt egy t\u00fcnet gyakran nem csak \u201eegy probl\u00e9ma\u201d.<\/span><\/p>\n<h2><b>Mi\u00e9rt hagyjuk figyelmen k\u00edv\u00fcl a jeleket?<\/b><\/h2>\n<p><span style=\"font-weight: 400;\">A probl\u00e9ma az, hogy a legt\u00f6bb ember csak akkor reag\u00e1l, ha er\u0151s vagy tart\u00f3s t\u00fcnet jelentkezik.<\/span><\/p>\n<p><span style=\"font-weight: 400;\">Az apr\u00f3bb jeleket \u2013 mint a f\u00e1radts\u00e1g, puffad\u00e1s, ingerl\u00e9kenys\u00e9g vagy energiahi\u00e1ny \u2013 gyakran figyelmen k\u00edv\u00fcl hagyjuk. A mindennapi \u00e9let norm\u00e1lis r\u00e9sz\u00e9nek tekintj\u00fck \u0151ket. <\/span><\/p>\n<p><span style=\"font-weight: 400;\">Azonban \u00e9ppen ezek a \u201ekis\u201d jelek gyakran az els\u0151 mutat\u00f3i annak, hogy a szervezet pr\u00f3b\u00e1l nek\u00fcnk valamit mondani.<\/span><\/p>\n<p><span style=\"font-weight: 400;\">A test ritk\u00e1n k\u00fcld hirtelen figyelmeztet\u00e9st. El\u0151sz\u00f6r suttog \u2013 \u00e9s csak k\u00e9s\u0151bb \u201ekiab\u00e1l\u201d. <\/span><\/p>\n<h2><b>A t\u00fcnetek \u00f6sszef\u00fcggenek, nem elszigeteltek<\/b><\/h2>\n<p><span style=\"font-weight: 400;\">Az eg\u00e9szs\u00e9g holisztikus megk\u00f6zel\u00edt\u00e9se azon az elk\u00e9pzel\u00e9sen alapul, hogy a t\u00fcnetek nem k\u00fcl\u00f6n\u00e1ll\u00f3ak, hanem \u00f6sszef\u00fcggenek.<\/span><\/p>\n<p><span style=\"font-weight: 400;\">P\u00e9ld\u00e1ul egy em\u00e9szt\u00e9si probl\u00e9m\u00e1kkal k\u00fczd\u0151 szem\u00e9ly egyidej\u0171leg \u00e9rezhet f\u00e1radts\u00e1got, koncentr\u00e1ci\u00f3zavart vagy hangulatv\u00e1ltoz\u00e1sokat. Els\u0151 pillant\u00e1sra ez t\u00f6bb k\u00fcl\u00f6nb\u00f6z\u0151 probl\u00e9m\u00e1nak t\u0171nik. <\/span><\/p>\n<p><span style=\"font-weight: 400;\">Val\u00f3j\u00e1ban gyakran van k\u00f6z\u00f6s ok.<\/span><\/p>\n<p><span style=\"font-weight: 400;\">Amikor a testet eg\u00e9szk\u00e9nt tekintj\u00fck, k\u00f6nnyebben meg\u00e9rtj\u00fck, mi\u00e9rt jelentkeznek egyszerre k\u00fcl\u00f6nb\u00f6z\u0151 t\u00fcnetek \u2013 \u00e9s mi\u00e9rt nem szabad azokat elszigetelten kezelni.<\/span><\/p>\n<h2><b>Mit jelent a holisztikus megk\u00f6zel\u00edt\u00e9s?<\/b><\/h2>\n<p><span style=\"font-weight: 400;\">A holisztikus megk\u00f6zel\u00edt\u00e9s nem jelenti a modern orvostudom\u00e1ny elutas\u00edt\u00e1s\u00e1t.<\/span><\/p>\n<p><span style=\"font-weight: 400;\">\u00c9pp ellenkez\u0151leg \u2013 mag\u00e1ban foglalja annak integr\u00e1l\u00e1s\u00e1t a t\u00e1gabb k\u00e9p meg\u00e9rt\u00e9s\u00e9vel.<\/span><\/p>\n<p><span style=\"font-weight: 400;\">Ez azt jelenti, hogy nem csak a t\u00fcnetet n\u00e9zz\u00fck, hanem:<\/span><\/p>\n<ul>\n<li style=\"font-weight: 400;\" aria-level=\"1\"><span style=\"font-weight: 400;\">a szervezet eg\u00e9sz\u00e9nek \u00e1llapot\u00e1t <\/span><\/li>\n<li style=\"font-weight: 400;\" aria-level=\"1\"><span style=\"font-weight: 400;\">az \u00e9letm\u00f3dot <\/span><\/li>\n<li style=\"font-weight: 400;\" aria-level=\"1\"><span style=\"font-weight: 400;\">a t\u00e1pl\u00e1lkoz\u00e1st <\/span><\/li>\n<li style=\"font-weight: 400;\" aria-level=\"1\"><span style=\"font-weight: 400;\">a stressz szintj\u00e9t <\/span><\/li>\n<li style=\"font-weight: 400;\" aria-level=\"1\"><span style=\"font-weight: 400;\">az alv\u00e1s min\u0151s\u00e9g\u00e9t <\/span><\/li>\n<\/ul>\n<p><span style=\"font-weight: 400;\">M\u00e1s sz\u00f3val, nem csak azt k\u00e9rdezz\u00fck, \u201emi a baj\u201d, hanem azt is, \u201emi\u00e9rt t\u00f6rt\u00e9nik ez\u201d.<\/span><\/p>\n<h2><b>A szervezet t\u00e1mogat\u00e1sa bel\u00fclr\u0151l<\/b><\/h2>\n<p><span style=\"font-weight: 400;\">Amikor meg\u00e9rtj\u00fck, hogy a test eg\u00e9szk\u00e9nt m\u0171k\u00f6dik, vil\u00e1goss\u00e1 v\u00e1lik, hogy a megold\u00e1sok sem lehetnek r\u00e9szlegesek.<\/span><\/p>\n<p><span style=\"font-weight: 400;\">A szervezetnek bel\u00fclr\u0151l van sz\u00fcks\u00e9ge t\u00e1mogat\u00e1sra \u2013 a mindennapi szok\u00e1sok \u00e9s a min\u0151s\u00e9gi t\u00e1panyagforr\u00e1sok r\u00e9v\u00e9n.<\/span><\/p>\n<p><span style=\"font-weight: 400;\">A z\u00f6ld forr\u00e1sok, mint p\u00e9ld\u00e1ul a t\u00f6nk\u00f6lyb\u00faza l\u00e9, az egyik m\u00f3dja annak, hogy a testet term\u00e9szetes m\u00f3don t\u00e1mogassuk. Klorofillban, vitaminokban, \u00e1sv\u00e1nyi anyagokban \u00e9s enzimekben gazdag, hozz\u00e1j\u00e1rulhat a szervezet \u00e1ltal\u00e1nos egyens\u00faly\u00e1hoz \u00e9s t\u00e1mogathatja a regener\u00e1ci\u00f3s folyamatokat. <\/span><\/p>\n<p><span style=\"font-weight: 400;\">A test soha nem k\u00fcld csak egyetlen jelet.<\/span><\/p>\n<p><span style=\"font-weight: 400;\">Minden t\u00fcnet egy nagyobb k\u00e9p r\u00e9sze.<\/span><\/p>\n<p><span style=\"font-weight: 400;\">Amikor megtanuljuk meghallgatni ezeket a jeleket, \u00e9s a szervezetet eg\u00e9szk\u00e9nt tekintj\u00fck, lehet\u0151s\u00e9get kapunk arra, hogy id\u0151ben reag\u00e1ljunk \u2013 miel\u0151tt a probl\u00e9ma s\u00falyosabb\u00e1 v\u00e1lna.<\/span><\/p>\n<p><span style=\"font-weight: 400;\">Az eg\u00e9szs\u00e9g nem csup\u00e1n a t\u00fcnetek hi\u00e1nya. Ez egyens\u00faly. <\/span><\/p>\n<p><span style=\"font-weight: 400;\">\u00c9s az els\u0151 l\u00e9p\u00e9s ezen egyens\u00faly fel\u00e9 az, hogy meg\u00e9rts\u00fck azokat az \u00fczeneteket, amelyeket a test\u00fcnk nap mint nap k\u00fcld nek\u00fcnk. <\/span><\/p>\n","protected":false},"excerpt":{"rendered":"<p>H\u00e1nyszor mondtuk m\u00e1r: \u201e\u00c1, ez csak f\u00e1radts\u00e1g\u201d, \u201eCsak egy kicsit f\u00e1j a hasam\u201d vagy \u201eMajd mag\u00e1t\u00f3l elm\u00falik\u201d? A modern gondolkod\u00e1sm\u00f3dban<\/p>\n","protected":false},"author":809,"featured_media":37877,"comment_status":"open","ping_status":"open","sticky":false,"template":"","format":"standard","meta":{"_acf_changed":false,"footnotes":""},"categories":[370],"tags":[1297,630,1298,1307,821,632,936,529,527,560,842,631,958,637,522,670],"class_list":["post-37876","post","type-post","status-publish","format-standard","has-post-thumbnail","hentry","category-blog-hu","tag-egyensuly-2","tag-emesztes","tag-faradtsag","tag-fejfajas","tag-holisztikus-megkozelites","tag-hormonalis-egyensulyhiany","tag-hormonszabalyozas","tag-immunerosites","tag-immunitas","tag-klorofill","tag-kronikus-faradtsag","tag-stressz","tag-taplalkozas","tag-termeszetes-energiaforrasok","tag-tonkolyle","tag-vitaminok-es-asvanyi-anyagok"],"acf":[],"_links":{"self":[{"href":"https:\/\/eliksirvitalnosti.com\/hu\/wp-json\/wp\/v2\/posts\/37876","targetHints":{"allow":["GET"]}}],"collection":[{"href":"https:\/\/eliksirvitalnosti.com\/hu\/wp-json\/wp\/v2\/posts"}],"about":[{"href":"https:\/\/eliksirvitalnosti.com\/hu\/wp-json\/wp\/v2\/types\/post"}],"author":[{"embeddable":true,"href":"https:\/\/eliksirvitalnosti.com\/hu\/wp-json\/wp\/v2\/users\/809"}],"replies":[{"embeddable":true,"href":"https:\/\/eliksirvitalnosti.com\/hu\/wp-json\/wp\/v2\/comments?post=37876"}],"version-history":[{"count":0,"href":"https:\/\/eliksirvitalnosti.com\/hu\/wp-json\/wp\/v2\/posts\/37876\/revisions"}],"wp:featuredmedia":[{"embeddable":true,"href":"https:\/\/eliksirvitalnosti.com\/hu\/wp-json\/wp\/v2\/media\/37877"}],"wp:attachment":[{"href":"https:\/\/eliksirvitalnosti.com\/hu\/wp-json\/wp\/v2\/media?parent=37876"}],"wp:term":[{"taxonomy":"category","embeddable":true,"href":"https:\/\/eliksirvitalnosti.com\/hu\/wp-json\/wp\/v2\/categories?post=37876"},{"taxonomy":"post_tag","embeddable":true,"href":"https:\/\/eliksirvitalnosti.com\/hu\/wp-json\/wp\/v2\/tags?post=37876"}],"curies":[{"name":"wp","href":"https:\/\/api.w.org\/{rel}","templated":true}]}}