{"id":46087,"date":"2026-08-27T18:17:44","date_gmt":"2026-08-27T18:17:44","guid":{"rendered":"https:\/\/eliksirvitalnosti.com\/a-szervezet-felkeszitese-az-oszre-mar-a-nyar-folyaman-elkezdodik\/"},"modified":"2026-08-27T18:17:44","modified_gmt":"2026-08-27T18:17:44","slug":"a-szervezet-felkeszitese-az-oszre-mar-a-nyar-folyaman-elkezdodik","status":"publish","type":"post","link":"https:\/\/eliksirvitalnosti.com\/hu\/a-szervezet-felkeszitese-az-oszre-mar-a-nyar-folyaman-elkezdodik\/","title":{"rendered":"A szervezet felk\u00e9sz\u00edt\u00e9se az \u0151szre m\u00e1r a ny\u00e1r folyam\u00e1n elkezd\u0151dik"},"content":{"rendered":"<p><span style=\"font-weight: 400;\">Mik\u00f6zben m\u00e9g \u00e9lvezz\u00fck a meleg napokat, a naps\u00fct\u00e9ses h\u00e9tv\u00e9g\u00e9ket \u00e9s a ny\u00e1ri ritmust, az \u0151sz tal\u00e1n t\u00e1volinak t\u0171nik sz\u00e1munkra. M\u00e9gis, \u00e9ppen a ny\u00e1r az ide\u00e1lis id\u0151szak arra, hogy elkezdj\u00fck felk\u00e9sz\u00edteni szervezet\u00fcnket az \u00e9rkez\u0151 v\u00e1ltoz\u00e1sokra. A hirtelen h\u0151m\u00e9rs\u00e9klet-ingadoz\u00e1sok, a h\u0171v\u00f6sebb reggelek, a k\u00f6telezetts\u00e9gekhez val\u00f3 visszat\u00e9r\u00e9s, a z\u00e1rt t\u00e9rben t\u00f6lt\u00f6tt hosszabb id\u0151 \u00e9s a v\u00edrusoknak val\u00f3 fokozott kitetts\u00e9g kih\u00edv\u00e1st jelenthet a test sz\u00e1m\u00e1ra, k\u00fcl\u00f6n\u00f6sen, ha f\u00e1radtan \u00e9s kimer\u00fclten \u00e9r minket.  <\/span><\/p>\n<p><span style=\"font-weight: 400;\">Ez\u00e9rt a szervezet felk\u00e9sz\u00edt\u00e9s\u00e9t az \u0151szre nem akkor kell elv\u00e9gezni, amikor az els\u0151 t\u00fcnetek m\u00e1r megjelennek, hanem sokkal kor\u00e1bban. A ny\u00e1r folyam\u00e1n lehet\u0151s\u00e9g\u00fcnk van fokozatosan vissza\u00e1ll\u00edtani a rutint, t\u00e1mogatni az immunrendszert, odafigyelni a t\u00e1pl\u00e1lkoz\u00e1sra, az alv\u00e1sra, a hidrat\u00e1ci\u00f3ra \u00e9s a mindennapi szok\u00e1sokra, amelyek befoly\u00e1solj\u00e1k \u00e1ltal\u00e1nos \u00e1llapotunkat. <\/span><\/p>\n<h2><b>Mi\u00e9rt fontos felk\u00e9sz\u00edteni a szervezetet az \u0151sz el\u0151tt?<\/b><\/h2>\n<p><span style=\"font-weight: 400;\">Ny\u00e1ron gyakran kies\u00fcnk a megszokott ritmusb\u00f3l. T\u00f6bbet utazunk, k\u00e9s\u0151bb feksz\u00fcnk le, rendszertelenebb\u00fcl \u00e9tkez\u00fcnk, t\u00f6bb hideg italt, fagyit, r\u00e1gcs\u00e1lnival\u00f3t vagy gyors\u00e9telt fogyasztunk. B\u00e1r mindez pillanatnyilag j\u00f3l eshet, a szervezet a ny\u00e1r v\u00e9g\u00e9n n\u00e9ha szembes\u00fcl az ilyen temp\u00f3 k\u00f6vetkezm\u00e9nyeivel: energiaszint-cs\u00f6kken\u00e9ssel, f\u00e1radts\u00e1ggal, gyeng\u00e9bb koncentr\u00e1ci\u00f3val, \u00e9rz\u00e9kenyebb em\u00e9szt\u00e9ssel \u00e9s kisebb ellen\u00e1ll\u00f3k\u00e9pess\u00e9ggel.  <\/span><\/p>\n<p><span style=\"font-weight: 400;\">Ha ehhez hozz\u00e1adjuk a szeptemberben \u00e9s okt\u00f3berben r\u00e1nk v\u00e1r\u00f3 h\u0151m\u00e9rs\u00e9klet-v\u00e1ltoz\u00e1sokat, egy\u00e9rtelm\u0171, mi\u00e9rt fontos, hogy a test id\u0151ben felk\u00e9sz\u00fclj\u00f6n. Az immunrendszer akkor m\u0171k\u00f6dik a legjobban, ha a szervezet egyens\u00falyban van, erre pedig hat\u00e1ssal van az alv\u00e1s, a t\u00e1pl\u00e1lkoz\u00e1s, a fizikai aktivit\u00e1s, a stressz, a tests\u00faly \u00e9s az \u00e1ltal\u00e1nos eg\u00e9szs\u00e9gi \u00e1llapot. Az eg\u00e9szs\u00e9ges \u00e9letm\u00f3dbeli szok\u00e1sok seg\u00edtik a test jobb m\u0171k\u00f6d\u00e9s\u00e9t \u00e9s t\u00e1mogatj\u00e1k az immunrendszer norm\u00e1l m\u0171k\u00f6d\u00e9s\u00e9t.  <\/span><\/p>\n<h2><b>Az immunit\u00e1s a mindennapi szok\u00e1sokkal \u00e9p\u00fcl fel<\/b><\/h2>\n<p><span style=\"font-weight: 400;\">Amikor az immunrendszer er\u0151s\u00edt\u00e9s\u00e9r\u0151l besz\u00e9l\u00fcnk, gyakran gyors megold\u00e1st keres\u00fcnk. Azonban az immunit\u00e1s nem egyik napr\u00f3l a m\u00e1sikra \u00e9p\u00fcl fel. A nap mint nap megism\u00e9telt apr\u00f3, mindennapi v\u00e1laszt\u00e1sok t\u00e1mogatj\u00e1k azt.  <\/span><\/p>\n<p><span style=\"font-weight: 400;\">Az els\u0151 l\u00e9p\u00e9s az alv\u00e1s. Ny\u00e1ron gyakran kevesebbet vagy rendszertelen\u00fcl alszunk, pedig \u00e9ppen a min\u0151s\u00e9gi alv\u00e1s fontos a szervezet regener\u00e1l\u00f3d\u00e1s\u00e1hoz. A m\u00e1sodik l\u00e9p\u00e9s a t\u00e1pl\u00e1lkoz\u00e1s. A v\u00e1ltozatos, gy\u00fcm\u00f6lcs\u00f6kben, z\u00f6lds\u00e9gekben, teljes ki\u0151rl\u00e9s\u0171 gabon\u00e1kban, min\u0151s\u00e9gi feh\u00e9rj\u00e9kben \u00e9s j\u00f3 zs\u00edrokban gazdag \u00e9trend jelenti a jobb \u00e1ltal\u00e1nos eg\u00e9szs\u00e9g alapj\u00e1t. Az Eg\u00e9szs\u00e9g\u00fcgyi Vil\u00e1gszervezet hangs\u00falyozza, hogy az eg\u00e9szs\u00e9ges t\u00e1pl\u00e1lkoz\u00e1snak az egyens\u00falyon, a v\u00e1ltozatoss\u00e1gon \u00e9s a m\u00e9rt\u00e9kletess\u00e9gen kell alapulnia, a lehet\u0151 legkevesebb iparilag feldolgozott \u00e9lelmiszerrel, felesleges cukorral, s\u00f3val \u00e9s eg\u00e9szs\u00e9gtelen zs\u00edrokkal.    <\/span><\/p>\n<p><span style=\"font-weight: 400;\">Nem szabad megfeledkezni a mozg\u00e1sr\u00f3l sem. A ny\u00e1r kiv\u00e1l\u00f3 id\u0151szak a s\u00e9t\u00e1khoz, k\u00f6nny\u0171 edz\u00e9sekhez, \u00fasz\u00e1shoz, a term\u00e9szetben val\u00f3 tart\u00f3zkod\u00e1shoz \u00e9s a szabadt\u00e9ri tev\u00e9kenys\u00e9gekhez. Mindez seg\u00edthet abban, hogy felk\u00e9sz\u00fcltebben, t\u00f6bb energi\u00e1val \u00e9s jobb kond\u00edci\u00f3val v\u00e1rjuk az \u0151szt.  <\/span><\/p>\n<h2><b>T\u00f6nk\u00f6lyb\u00fazal\u00e9 mint a szervezet term\u00e9szetes t\u00e1mogat\u00e1sa<\/b><\/h2>\n<p><span style=\"font-weight: 400;\">Az eg\u00e9szs\u00e9ges szok\u00e1sok mellett ebben az id\u0151szakban sokan szeretn\u00e9nek term\u00e9szetes t\u00e1panyagt\u00e1mogat\u00e1st is bevezetni. A szervezet \u0151sz el\u0151tti t\u00e1mogat\u00e1s\u00e1nak egyik m\u00f3dja a fiatal z\u00f6ld t\u00f6nk\u00f6lylev\u00e9lb\u0151l k\u00e9sz\u00fclt l\u00e9. <\/span><\/p>\n<p><span style=\"font-weight: 400;\">A fiatal z\u00f6ld t\u00f6nk\u00f6lylev\u00e9l gazdag t\u00e1panyag-\u00f6sszet\u00e9tel\u00e9r\u0151l ismert. Term\u00e9szetes m\u00f3don tartalmaz \u00e9rt\u00e9kes t\u00e1panyagokat, amelyek k\u00f6z\u00fcl kiemelkedik a klorofill, a vitaminok, az \u00e1sv\u00e1nyi anyagok, az enzimek \u00e9s az antioxid\u00e1ns \u00f6sszetev\u0151k. \u00c9ppen ez\u00e9rt a t\u00f6nk\u00f6lyb\u00fazal\u00e9t a szervezet kieg\u00e9sz\u00edt\u0151 t\u00e1mogat\u00e1sak\u00e9nt haszn\u00e1lj\u00e1k f\u00e1radts\u00e1g, stressz, l\u00e1badoz\u00e1s \u00e9s fokozott ig\u00e9nybev\u00e9tel eset\u00e9n.  <\/span><\/p>\n<p><span style=\"font-weight: 400;\">Rendszeres haszn\u00e1lat mellett, jobb szok\u00e1sokkal kombin\u00e1lva, a t\u00f6nk\u00f6lyb\u00fazal\u00e9 praktikus m\u00f3dja lehet annak, hogy a szervezetnek extra t\u00e1panyagt\u00e1mogat\u00e1st biztos\u00edtsunk, \u00e9s seg\u00edts\u00fcnk neki k\u00f6nnyebben bel\u00e9pni a v\u00e1ltoz\u00e1sok \u00e9vszak\u00e1ba.<\/span><\/p>\n<h2><b>A ny\u00e1r a megfelel\u0151 pillanat a felk\u00e9sz\u00fcl\u00e9sre<\/b><\/h2>\n<p><span style=\"font-weight: 400;\">A legnagyobb hiba megv\u00e1rni az els\u0151 megf\u00e1z\u00e1sokat, a f\u00e1radts\u00e1got vagy az energiaszint cs\u00f6kken\u00e9s\u00e9t, \u00e9s csak akkor elkezdeni t\u00f6r\u0151dni a szervezettel. Sokkal jobb a nyarat felk\u00e9sz\u00fcl\u00e9si id\u0151szakk\u00e9nt kihaszn\u00e1lni. Am\u00edg m\u00e9g meleg van, am\u00edg t\u00f6bb a f\u00e9ny \u00e9s t\u00f6bb lehet\u0151s\u00e9g\u00fcnk van a szabadban tart\u00f3zkodni, fokozatosan bevezethetj\u00fck azokat a szok\u00e1sokat, amelyek \u00e9rt\u00e9kesek lesznek sz\u00e1munkra az \u0151sz folyam\u00e1n.  <\/span><\/p>\n<p><span style=\"font-weight: 400;\">Ez nem kell, hogy bonyolult legyen. El\u00e9g, ha minden nap tesz\u00fcnk n\u00e9h\u00e1ny jobb v\u00e1laszt\u00e1st: elegend\u0151 vizet iszunk, t\u00f6bb friss \u00e9lelmiszert fogyasztunk, kor\u00e1bban feksz\u00fcnk le, s\u00e9t\u00e1lunk, cs\u00f6kkentj\u00fck a cukorbevitelt \u00e9s bevezetj\u00fck a szervezet term\u00e9szetes t\u00e1mogat\u00e1s\u00e1t. <\/span><\/p>\n<h2><b>Hogyan kezdj\u00fck el?<\/b><\/h2>\n<p><span style=\"font-weight: 400;\">Ha fel szeretn\u00e9 k\u00e9sz\u00edteni szervezet\u00e9t az \u0151szre, kezdje egyszer\u0171en. Nem kell mindent egyszerre megv\u00e1ltoztatnia. V\u00e1lasszon ki egy szok\u00e1st, amelyet m\u00e1r ma bevezet. Ez lehet a rendszeres reggeli, t\u00f6bb v\u00edz, esti s\u00e9ta, jobb alv\u00e1s vagy a t\u00f6nk\u00f6lyb\u00fazal\u00e9 napi haszn\u00e1lata term\u00e9szetes t\u00e1panyagt\u00e1mogat\u00e1sk\u00e9nt.   <\/span><\/p>\n<p><span style=\"font-weight: 400;\">A Harvard School of Public Health meg\u00e1llap\u00edtja, hogy az immunrendszer \u00f6sszetett, \u00e9s nem csak egyetlen \u00e9lelmiszer vagy t\u00e1panyag befoly\u00e1solja, hanem a t\u00e1pl\u00e1lkoz\u00e1s, az alv\u00e1s, a fizikai aktivit\u00e1s \u00e9s a stresszszint egyens\u00falya. Ez\u00e9rt fontos, hogy az eg\u00e9szs\u00e9gr\u0151l holisztikusan gondolkodjunk. <\/span><\/p>\n<p><span style=\"font-weight: 400;\">Az \u0151sz mindenk\u00e9ppen elj\u00f6n. A k\u00e9rd\u00e9s csak az, hogy kimer\u00fclten vagy felk\u00e9sz\u00fcltebben v\u00e1rjuk-e. <\/span><\/p>\n<p><span style=\"font-weight: 400;\">A szervezet felk\u00e9sz\u00edt\u00e9se az \u0151szre m\u00e1r a ny\u00e1r folyam\u00e1n elkezd\u0151dik \u2014 apr\u00f3 l\u00e9p\u00e9sekkel, jobb szok\u00e1sokkal \u00e9s term\u00e9szetes t\u00e1mogat\u00e1ssal, amely seg\u00edt a testnek nagyobb er\u0151vel bel\u00e9pni a v\u00e1ltoz\u00e1sok \u00e9vszak\u00e1ba.<\/span><\/p>\n","protected":false},"excerpt":{"rendered":"<p>Mik\u00f6zben m\u00e9g \u00e9lvezz\u00fck a meleg napokat, a naps\u00fct\u00e9ses h\u00e9tv\u00e9g\u00e9ket \u00e9s a ny\u00e1ri ritmust, az \u0151sz tal\u00e1n t\u00e1volinak t\u0171nik sz\u00e1munkra. M\u00e9gis,<\/p>\n","protected":false},"author":809,"featured_media":46088,"comment_status":"open","ping_status":"open","sticky":false,"template":"","format":"standard","meta":{"_acf_changed":false,"_hpay_column_layout":"0","_hpay_name_price":"0","footnotes":""},"categories":[370],"tags":[893,894,896,900,923,1298,529,560,631,604,522,670],"class_list":["post-46087","post","type-post","status-publish","format-standard","has-post-thumbnail","hentry","category-blog-hu","tag-antioxidansok","tag-egeszseg","tag-egeszseges-elet","tag-egeszseges-taplalkozas","tag-fagyasztott-tonkolybuzafule","tag-faradtsag","tag-immunerosites","tag-klorofill","tag-stressz","tag-szervezet-meregtelenitese","tag-tonkolyle","tag-vitaminok-es-asvanyi-anyagok"],"acf":[],"_links":{"self":[{"href":"https:\/\/eliksirvitalnosti.com\/hu\/wp-json\/wp\/v2\/posts\/46087","targetHints":{"allow":["GET"]}}],"collection":[{"href":"https:\/\/eliksirvitalnosti.com\/hu\/wp-json\/wp\/v2\/posts"}],"about":[{"href":"https:\/\/eliksirvitalnosti.com\/hu\/wp-json\/wp\/v2\/types\/post"}],"author":[{"embeddable":true,"href":"https:\/\/eliksirvitalnosti.com\/hu\/wp-json\/wp\/v2\/users\/809"}],"replies":[{"embeddable":true,"href":"https:\/\/eliksirvitalnosti.com\/hu\/wp-json\/wp\/v2\/comments?post=46087"}],"version-history":[{"count":0,"href":"https:\/\/eliksirvitalnosti.com\/hu\/wp-json\/wp\/v2\/posts\/46087\/revisions"}],"wp:featuredmedia":[{"embeddable":true,"href":"https:\/\/eliksirvitalnosti.com\/hu\/wp-json\/wp\/v2\/media\/46088"}],"wp:attachment":[{"href":"https:\/\/eliksirvitalnosti.com\/hu\/wp-json\/wp\/v2\/media?parent=46087"}],"wp:term":[{"taxonomy":"category","embeddable":true,"href":"https:\/\/eliksirvitalnosti.com\/hu\/wp-json\/wp\/v2\/categories?post=46087"},{"taxonomy":"post_tag","embeddable":true,"href":"https:\/\/eliksirvitalnosti.com\/hu\/wp-json\/wp\/v2\/tags?post=46087"}],"curies":[{"name":"wp","href":"https:\/\/api.w.org\/{rel}","templated":true}]}}